{"id":406,"date":"2021-06-30T21:45:40","date_gmt":"2021-06-30T21:45:40","guid":{"rendered":"https:\/\/www.desdegranada.com\/site\/?p=406"},"modified":"2021-06-30T21:45:40","modified_gmt":"2021-06-30T21:45:40","slug":"granada-sin-gas-domiciliario-por-segunda-vez-en-menos-de-un-mes","status":"publish","type":"post","link":"https:\/\/www.desdegranada.com\/site\/?p=406","title":{"rendered":"Granada sin gas domiciliario por segunda vez en menos de un mes"},"content":{"rendered":"<p style=\"text-align: justify;\">Tras 4 d\u00edas y luego de una intervenci\u00f3n con material y maquinaria, el mi\u00e9rcoles 16 de junio el veh\u00edculo tipo tractocami\u00f3n logr\u00f3 llegar al municipio para restablecer el servicio.<\/p>\n<p style=\"text-align: justify;\">En un bolet\u00edn emitido el martes 29 de junio EPM advert\u00eda sobre la posibilidad de un nuevo desabastecimiento, y efectivamente desde la ma\u00f1ana de este mi\u00e9rcoles la situaci\u00f3n se repite: los granadinos no cuentan con el gas por red, pues el mal estado de la v\u00eda, que se agudiza con cada temporada de lluvias, impide de nuevo que el veh\u00edculo llegue a la planta del municipio.<\/p>\n<p style=\"text-align: justify;\">\u201cPara continuar con el recorrido se debe esperar que la situaci\u00f3n de la v\u00eda mejore, debido al peso del veh\u00edculo\u201d, dice un aparte del bolet\u00edn.<\/p>\n<p style=\"text-align: justify;\">El alcalde Freddy Casta\u00f1o acompa\u00f1ado por el diputado Juan Esteban Villegas, se reunieron con el secretario de infraestructura del departamento. En el encuentro hicieron especial \u00e9nfasis en el punto cr\u00edtico de la v\u00eda y, de nuevo, el funcionario recalc\u00f3 \u201cel compromiso de la Gobernaci\u00f3n de Antioquia en la construcci\u00f3n de las obras definitivas que ya est\u00e1n dise\u00f1adas y que saldr\u00e1n a licitaci\u00f3n los contratos de mantenimientos regionales durante este mes. Lo segundo es todo el esfuerzo de la Gobernaci\u00f3n de Antioquia para habilitar la transitabilidad sobre este punto cr\u00edtico\u201d.\u00a0<\/p>\n<p><iframe loading=\"lazy\" style=\"border: none; overflow: hidden;\" src=\"https:\/\/www.facebook.com\/plugins\/video.php?height=316&amp;href=https%3A%2F%2Fwww.facebook.com%2Fjuanesteban.villegasaristizabal%2Fvideos%2F1827745384073989%2F&amp;show_text=true&amp;width=560&amp;t=0\" width=\"560\" height=\"431\" frameborder=\"0\" scrolling=\"no\" allowfullscreen=\"allowfullscreen\"><\/iframe><\/p>\n","protected":false},"excerpt":{"rendered":"<p style=\"text-align: justify;\">El domingo 13 de junio varias familias granadinas usuarias del gas domiciliario por red de EPM amanec\u00edan sin el servicio; la raz\u00f3n: desabastecimiento en la planta local debido a la afectaci\u00f3n en la v\u00eda Granada-Autopista que imped\u00eda el paso del veh\u00edculo que transporta el gas comprimido.<\/p>\n","protected":false},"author":1,"featured_media":0,"comment_status":"open","ping_status":"open","sticky":false,"template":"","format":"standard","meta":{"footnotes":""},"categories":[19],"tags":[],"class_list":["post-406","post","type-post","status-publish","format-standard","hentry","category-noticias"],"_links":{"self":[{"href":"https:\/\/www.desdegranada.com\/site\/index.php?rest_route=\/wp\/v2\/posts\/406","targetHints":{"allow":["GET"]}}],"collection":[{"href":"https:\/\/www.desdegranada.com\/site\/index.php?rest_route=\/wp\/v2\/posts"}],"about":[{"href":"https:\/\/www.desdegranada.com\/site\/index.php?rest_route=\/wp\/v2\/types\/post"}],"author":[{"embeddable":true,"href":"https:\/\/www.desdegranada.com\/site\/index.php?rest_route=\/wp\/v2\/users\/1"}],"replies":[{"embeddable":true,"href":"https:\/\/www.desdegranada.com\/site\/index.php?rest_route=%2Fwp%2Fv2%2Fcomments&post=406"}],"version-history":[{"count":0,"href":"https:\/\/www.desdegranada.com\/site\/index.php?rest_route=\/wp\/v2\/posts\/406\/revisions"}],"wp:attachment":[{"href":"https:\/\/www.desdegranada.com\/site\/index.php?rest_route=%2Fwp%2Fv2%2Fmedia&parent=406"}],"wp:term":[{"taxonomy":"category","embeddable":true,"href":"https:\/\/www.desdegranada.com\/site\/index.php?rest_route=%2Fwp%2Fv2%2Fcategories&post=406"},{"taxonomy":"post_tag","embeddable":true,"href":"https:\/\/www.desdegranada.com\/site\/index.php?rest_route=%2Fwp%2Fv2%2Ftags&post=406"}],"curies":[{"name":"wp","href":"https:\/\/api.w.org\/{rel}","templated":true}]}}