{"id":407,"date":"2021-07-01T20:52:18","date_gmt":"2021-07-01T20:52:18","guid":{"rendered":"https:\/\/www.desdegranada.com\/site\/?p=407"},"modified":"2021-07-01T20:52:18","modified_gmt":"2021-07-01T20:52:18","slug":"no-podemos-pasar-el-vehiculo-por-ninguna-de-las-vias-de-acceso-al-municipio-vicepresidente-de-gas-de-epm","status":"publish","type":"post","link":"https:\/\/www.desdegranada.com\/site\/?p=407","title":{"rendered":"\u201cNo podemos pasar el veh\u00edculo por ninguna de las v\u00edas de acceso al municipio\u201d: Vicepresidente de gas de EPM"},"content":{"rendered":"<p style=\"text-align: justify;\">Y es que esta es ya la segunda oportunidad en la que los usuarios del gas por red han tenido que recurrir a otras alternativas para cocinar sus alimentos. El primer inconveniente con el servicio se present\u00f3 a mediados de junio, afectando a la comunidad durante 4 d\u00edas. Justamente el \u00faltimo d\u00eda del mes se repiti\u00f3 la situaci\u00f3n y hoy primero de julio se cumple el segundo d\u00eda sin suministro de gas.<\/p>\n<p style=\"text-align: justify;\">\u201cNuestro veh\u00edculo no puede pasar porque es un veh\u00edculo tipo tractocami\u00f3n, que carga cilindros de gas comprimido. Este es un energ\u00e9tico que tiene que tener unas caracter\u00edsticas de seguridad especiales\u201d, explic\u00f3 el funcionario en di\u00e1logo con el Magaz\u00edn La Hora de ASENRED.<\/p>\n<p style=\"text-align: justify;\"><img decoding=\"async\" src=\"images\/Vicepresidente_de_gas_EPM_2.jpg\" alt=\"\" \/><\/p>\n<p style=\"text-align: justify;\">Pese a las mejoras que se han realizado en el punto cr\u00edtico por parte de la Gobernaci\u00f3n de Antioquia que, hay que resaltar, son soluciones temporales, Orduz Aguilar enfatiz\u00f3 en el informativo que \u201cmuy desafortunadamente y muy a nuestro pesar, no podemos pasar el veh\u00edculo por ninguna de las v\u00edas de acceso al municipio\u201d.<\/p>\n<p style=\"text-align: justify;\">Son alrededor de 1.400 familias las que una vez m\u00e1s se est\u00e1n viendo afectadas por la falta del servicio de gas que suministra EPM y que esperan por una soluci\u00f3n que permita resolver la situaci\u00f3n de desabastecimiento.<\/p>\n<p style=\"text-align: justify;\">El vicepresidente de gas de la empresa agreg\u00f3 que mientras el estado de la v\u00eda no se mejore, no se puede ingresar a la planta descompresora en el municipio. \u00a0<\/p>\n<p style=\"text-align: justify;\"><iframe loading=\"lazy\" src=\"\/\/www.youtube.com\/embed\/Xecpor5JxLY\" width=\"560\" height=\"314\" allowfullscreen=\"allowfullscreen\"><\/iframe><\/p>\n<p style=\"text-align: justify;\">\u00a0<\/p>\n<p style=\"text-align: justify;\">\u00a0<\/p>\n","protected":false},"excerpt":{"rendered":"<p style=\"text-align: justify;\">\u201cHoy estamos en una condici\u00f3n excepcional en la que la v\u00eda est\u00e1 en muy mal estado\u201d. Con esas palabras, el vicepresidente de gas de EPM, Carlos Orduz Aguilar, explicaba el porqu\u00e9 del desabastecimiento de gas domiciliario que se presenta en Granada por segunda vez en menos de un mes, esto, debido a la grave afectaci\u00f3n de la v\u00eda Granada &#8211; Autopista en el Alto del Palmar, lo que ha impedido el paso del veh\u00edculo que transporta el gas.<\/p>\n","protected":false},"author":1,"featured_media":0,"comment_status":"open","ping_status":"open","sticky":false,"template":"","format":"standard","meta":{"footnotes":""},"categories":[19],"tags":[],"class_list":["post-407","post","type-post","status-publish","format-standard","hentry","category-noticias"],"_links":{"self":[{"href":"https:\/\/www.desdegranada.com\/site\/index.php?rest_route=\/wp\/v2\/posts\/407","targetHints":{"allow":["GET"]}}],"collection":[{"href":"https:\/\/www.desdegranada.com\/site\/index.php?rest_route=\/wp\/v2\/posts"}],"about":[{"href":"https:\/\/www.desdegranada.com\/site\/index.php?rest_route=\/wp\/v2\/types\/post"}],"author":[{"embeddable":true,"href":"https:\/\/www.desdegranada.com\/site\/index.php?rest_route=\/wp\/v2\/users\/1"}],"replies":[{"embeddable":true,"href":"https:\/\/www.desdegranada.com\/site\/index.php?rest_route=%2Fwp%2Fv2%2Fcomments&post=407"}],"version-history":[{"count":0,"href":"https:\/\/www.desdegranada.com\/site\/index.php?rest_route=\/wp\/v2\/posts\/407\/revisions"}],"wp:attachment":[{"href":"https:\/\/www.desdegranada.com\/site\/index.php?rest_route=%2Fwp%2Fv2%2Fmedia&parent=407"}],"wp:term":[{"taxonomy":"category","embeddable":true,"href":"https:\/\/www.desdegranada.com\/site\/index.php?rest_route=%2Fwp%2Fv2%2Fcategories&post=407"},{"taxonomy":"post_tag","embeddable":true,"href":"https:\/\/www.desdegranada.com\/site\/index.php?rest_route=%2Fwp%2Fv2%2Ftags&post=407"}],"curies":[{"name":"wp","href":"https:\/\/api.w.org\/{rel}","templated":true}]}}