{"id":408,"date":"2021-07-01T22:06:01","date_gmt":"2021-07-01T22:06:01","guid":{"rendered":"https:\/\/www.desdegranada.com\/site\/?p=408"},"modified":"2021-07-01T22:06:01","modified_gmt":"2021-07-01T22:06:01","slug":"inicio-el-camino-de-la-seleccion-granada-en-la-v-copa-elite-de-futbol-de-salon","status":"publish","type":"post","link":"https:\/\/www.desdegranada.com\/site\/?p=408","title":{"rendered":"Inici\u00f3 el camino de la selecci\u00f3n Granada en la V Copa \u00c9lite de F\u00fatbol de Sal\u00f3n"},"content":{"rendered":"","protected":false},"excerpt":{"rendered":"<p style=\"text-align: justify;\">Luego de m\u00e1s de un a\u00f1o sin competiciones debido a la pandemia del coronavirus, este mi\u00e9rcoles 30 de junio Granada arranc\u00f3 su participaci\u00f3n en la V Copa Elite de F\u00fatbol de Sal\u00f3n como local ante el representativo de Salgar.<\/p>\n<p style=\"text-align: justify;\">Pese al marcador adverso de 10 goles a 6, esta primera fecha deja un balance significativo para el seleccionado Creafam Granada Oriente, pues a excepci\u00f3n de los minutos iniciales en los que los visitantes consiguieron una renta importante, los dirigidos por Jorge Giraldo supieron recomponerse y mostrar buen desempe\u00f1o con el bal\u00f3n durante el resto del partido.<\/p>\n<p style=\"text-align: justify;\">\u201cArrancamos con 3 \u2013 4 goles de entrada en los primeros minutos del partido. Nos ve\u00edamos en el marcador abajo 5 goles por 1 al descanso y en el segundo tiempo nos reponemos de gran manera hasta el punto de llegare a estar dos goles solamente por debajo del marcador y donde nos encontramos con otras situaciones fortuitas como lo fueron dos expulsiones de jugadores importantes, jugadores de experiencia\u201d, analiz\u00f3 el DT local.<\/p>\n<p style=\"text-align: justify;\"><img decoding=\"async\" src=\"images\/Copa_elite_2021_.jpg\" alt=\"\" \/><\/p>\n<p style=\"text-align: justify;\">La V Copa Antioquia Elite de F\u00fatbol de Sal\u00f3n que es un homenaje a Javier Rodr\u00edguez Zapata, se desarrolla con la participaci\u00f3n de 18 equipos distribuidos en dos grupos y que se enfrentar\u00e1n en partidos de ida y vuelta.<\/p>\n<p style=\"text-align: justify;\">Frente a las expectativas que genera la participaci\u00f3n en el torneo de este a\u00f1o, Jorge Giraldo resalt\u00f3 la calidad de cada uno de sus dirigidos. \u201cEste a\u00f1o esperamos con este grupo hacer un muy buen papel en esta copa Antioquia, donde anteriormente solamente ten\u00edamos jugadores mayores y ahora en una n\u00f3mina amplia ustedes ya est\u00e1n mirando que los jugadores que vienen del proceso desde la categor\u00eda infantil ya son chicos juveniles que se codean de t\u00fa a t\u00fa con cualquier jugador de cualquier edad en una cancha\u201d.<\/p>\n<p style=\"text-align: justify;\">El pr\u00f3ximo partido que disputar\u00e1 Creafam Granada Oriente ser\u00e1 el 10 de julio visitando al municipio de Concordia.<\/p>\n<p><iframe loading=\"lazy\" style=\"border: none; overflow: hidden;\" src=\"https:\/\/www.facebook.com\/plugins\/video.php?height=286&amp;href=https%3A%2F%2Fwww.facebook.com%2F2329436913981780%2Fvideos%2F316162276821596%2F&amp;show_text=true&amp;width=560&amp;t=0\" width=\"560\" height=\"401\" frameborder=\"0\" scrolling=\"no\" allowfullscreen=\"allowfullscreen\"><\/iframe><\/p>\n","protected":false},"author":1,"featured_media":0,"comment_status":"open","ping_status":"open","sticky":false,"template":"","format":"standard","meta":{"footnotes":""},"categories":[19],"tags":[],"class_list":["post-408","post","type-post","status-publish","format-standard","hentry","category-noticias"],"_links":{"self":[{"href":"https:\/\/www.desdegranada.com\/site\/index.php?rest_route=\/wp\/v2\/posts\/408","targetHints":{"allow":["GET"]}}],"collection":[{"href":"https:\/\/www.desdegranada.com\/site\/index.php?rest_route=\/wp\/v2\/posts"}],"about":[{"href":"https:\/\/www.desdegranada.com\/site\/index.php?rest_route=\/wp\/v2\/types\/post"}],"author":[{"embeddable":true,"href":"https:\/\/www.desdegranada.com\/site\/index.php?rest_route=\/wp\/v2\/users\/1"}],"replies":[{"embeddable":true,"href":"https:\/\/www.desdegranada.com\/site\/index.php?rest_route=%2Fwp%2Fv2%2Fcomments&post=408"}],"version-history":[{"count":0,"href":"https:\/\/www.desdegranada.com\/site\/index.php?rest_route=\/wp\/v2\/posts\/408\/revisions"}],"wp:attachment":[{"href":"https:\/\/www.desdegranada.com\/site\/index.php?rest_route=%2Fwp%2Fv2%2Fmedia&parent=408"}],"wp:term":[{"taxonomy":"category","embeddable":true,"href":"https:\/\/www.desdegranada.com\/site\/index.php?rest_route=%2Fwp%2Fv2%2Fcategories&post=408"},{"taxonomy":"post_tag","embeddable":true,"href":"https:\/\/www.desdegranada.com\/site\/index.php?rest_route=%2Fwp%2Fv2%2Ftags&post=408"}],"curies":[{"name":"wp","href":"https:\/\/api.w.org\/{rel}","templated":true}]}}