{"id":409,"date":"2021-07-02T21:26:09","date_gmt":"2021-07-02T21:26:09","guid":{"rendered":"https:\/\/www.desdegranada.com\/site\/?p=409"},"modified":"2021-07-02T21:26:09","modified_gmt":"2021-07-02T21:26:09","slug":"escuela-de-futbol-coogranada-retoma-competiciones-a-nivel-departamental","status":"publish","type":"post","link":"https:\/\/www.desdegranada.com\/site\/?p=409","title":{"rendered":"Escuela de F\u00fatbol Coogranada retoma competiciones a nivel departamental"},"content":{"rendered":"<p style=\"text-align: justify;\">Pareciera que los ni\u00f1os nacieran con el chip, con el gusto por este deporte y Jhon Alexander no es la excepci\u00f3n \u201cel f\u00fatbol es mi pasi\u00f3n y estoy muy contento porque desde hace varios meses ven\u00edamos entrenando sin poder competir por fuera del municipio y ya lo podemos hacer\u201d, expresa.<\/p>\n<p style=\"text-align: justify;\"><img decoding=\"async\" src=\"images\/Entrenamiesntos_Coogranada_2021.jpg\" alt=\"\" \/><\/p>\n<p style=\"text-align: justify;\">As\u00ed como \u00e9l, muchos otros ni\u00f1os con los que entrena, sue\u00f1an con aprovechar cada una de las competencias que disputan a nivel departamental y nacional para potenciar su habilidad deportiva y alg\u00fan d\u00eda, hacer realidad su anhelo de vestir la camiseta del equipo profesional del que son hinchas. Otros van m\u00e1s all\u00e1 y piensan en equipos del exterior.<\/p>\n<p style=\"text-align: justify;\">Por ahora, jugadores y cuerpo t\u00e9cnico de la Escuela de F\u00fatbol Coogranada se concentran en la preparaci\u00f3n de cada uno de los entrenamientos pensando en obtener buenos resultados en el torneo IMER que disputan actualmente y desde ya se visualizan en la competencia Estrellas de Navidad, torneo que se realiza cada a\u00f1o, en el mes de diciembre, en la ciudad de Medell\u00edn.<\/p>\n","protected":false},"excerpt":{"rendered":"<p style=\"text-align: justify;\">Jhon Alexander hace parte de la escuela de f\u00fatbol Coogranada desde hace 5 a\u00f1os, compite en la categor\u00eda pony y despu\u00e9s de una larga para, regres\u00f3 a los entrenamientos y, por supuesto, a las competencias que se desarrollan en el departamento con la participaci\u00f3n de importantes clubes.<\/p>\n","protected":false},"author":1,"featured_media":0,"comment_status":"open","ping_status":"open","sticky":false,"template":"","format":"standard","meta":{"footnotes":""},"categories":[19],"tags":[],"class_list":["post-409","post","type-post","status-publish","format-standard","hentry","category-noticias"],"_links":{"self":[{"href":"https:\/\/www.desdegranada.com\/site\/index.php?rest_route=\/wp\/v2\/posts\/409","targetHints":{"allow":["GET"]}}],"collection":[{"href":"https:\/\/www.desdegranada.com\/site\/index.php?rest_route=\/wp\/v2\/posts"}],"about":[{"href":"https:\/\/www.desdegranada.com\/site\/index.php?rest_route=\/wp\/v2\/types\/post"}],"author":[{"embeddable":true,"href":"https:\/\/www.desdegranada.com\/site\/index.php?rest_route=\/wp\/v2\/users\/1"}],"replies":[{"embeddable":true,"href":"https:\/\/www.desdegranada.com\/site\/index.php?rest_route=%2Fwp%2Fv2%2Fcomments&post=409"}],"version-history":[{"count":0,"href":"https:\/\/www.desdegranada.com\/site\/index.php?rest_route=\/wp\/v2\/posts\/409\/revisions"}],"wp:attachment":[{"href":"https:\/\/www.desdegranada.com\/site\/index.php?rest_route=%2Fwp%2Fv2%2Fmedia&parent=409"}],"wp:term":[{"taxonomy":"category","embeddable":true,"href":"https:\/\/www.desdegranada.com\/site\/index.php?rest_route=%2Fwp%2Fv2%2Fcategories&post=409"},{"taxonomy":"post_tag","embeddable":true,"href":"https:\/\/www.desdegranada.com\/site\/index.php?rest_route=%2Fwp%2Fv2%2Ftags&post=409"}],"curies":[{"name":"wp","href":"https:\/\/api.w.org\/{rel}","templated":true}]}}