{"id":410,"date":"2021-07-13T15:36:36","date_gmt":"2021-07-13T15:36:36","guid":{"rendered":"https:\/\/www.desdegranada.com\/site\/?p=410"},"modified":"2021-07-13T15:36:36","modified_gmt":"2021-07-13T15:36:36","slug":"2-117-granadinos-ya-completaron-su-esquema-de-vacunacion-anticovid","status":"publish","type":"post","link":"https:\/\/www.desdegranada.com\/site\/?p=410","title":{"rendered":"2.117 granadinos ya completaron su esquema de vacunaci\u00f3n anticovid."},"content":{"rendered":"<p style=\"text-align: justify;\">Desde que se dio inicio al plan nacional de vacunaci\u00f3n y con corte al 11 de julio, el municipio ha recibido un total de 5.344 biol\u00f3gicos de los que ya se han suministrado 4.259 en el desarrollo de las diferentes etapas, esto sumando ant\u00edgenos de dosis \u00fanicas y aquellas que requieren de dos dosis -dependiendo de la marca-. En este sentido, 2.117 granadinos ya completaron su esquema de vacunaci\u00f3n anticovid.<\/p>\n<p style=\"text-align: justify;\"><img decoding=\"async\" src=\"images\/Avance_vacunacin_covid_julio.jpg\" alt=\"\" \/><\/p>\n<p style=\"text-align: justify;\">Del total de vacunas recibidas hasta la fecha y siguiendo los lineamientos establecidos por el Ministerio de Salud desde el nivel nacional, y la Direcci\u00f3n Local de Salud y el Hospital Padre Clemente Giraldo desde el nivel local, restan a\u00fan por aplicar 1.085 dosis.<\/p>\n<p style=\"text-align: justify;\">La invitaci\u00f3n para las personas que est\u00e1n dentro de los rangos de edades establecidos en cada una de las fases o que padecen de alguna enfermedad de base, es a que se acerquen al hospital para recibir su vacuna, o en su defecto, a solicitar informaci\u00f3n sobre su turno para acceder a ella.<\/p>\n<p style=\"text-align: justify;\">\u00a0<\/p>\n","protected":false},"excerpt":{"rendered":"<p style=\"text-align: justify;\">Con el paso de los d\u00edas y la llegada de nuevos lotes de vacunas, Granada empieza ya a cobijar a una importante cifra de su poblaci\u00f3n con los inmunol\u00f3gicos contra el covid19, que tiene proyectado llegar a 6.941 personas.<\/p>\n","protected":false},"author":1,"featured_media":0,"comment_status":"open","ping_status":"open","sticky":false,"template":"","format":"standard","meta":{"footnotes":""},"categories":[19],"tags":[],"class_list":["post-410","post","type-post","status-publish","format-standard","hentry","category-noticias"],"_links":{"self":[{"href":"https:\/\/www.desdegranada.com\/site\/index.php?rest_route=\/wp\/v2\/posts\/410","targetHints":{"allow":["GET"]}}],"collection":[{"href":"https:\/\/www.desdegranada.com\/site\/index.php?rest_route=\/wp\/v2\/posts"}],"about":[{"href":"https:\/\/www.desdegranada.com\/site\/index.php?rest_route=\/wp\/v2\/types\/post"}],"author":[{"embeddable":true,"href":"https:\/\/www.desdegranada.com\/site\/index.php?rest_route=\/wp\/v2\/users\/1"}],"replies":[{"embeddable":true,"href":"https:\/\/www.desdegranada.com\/site\/index.php?rest_route=%2Fwp%2Fv2%2Fcomments&post=410"}],"version-history":[{"count":0,"href":"https:\/\/www.desdegranada.com\/site\/index.php?rest_route=\/wp\/v2\/posts\/410\/revisions"}],"wp:attachment":[{"href":"https:\/\/www.desdegranada.com\/site\/index.php?rest_route=%2Fwp%2Fv2%2Fmedia&parent=410"}],"wp:term":[{"taxonomy":"category","embeddable":true,"href":"https:\/\/www.desdegranada.com\/site\/index.php?rest_route=%2Fwp%2Fv2%2Fcategories&post=410"},{"taxonomy":"post_tag","embeddable":true,"href":"https:\/\/www.desdegranada.com\/site\/index.php?rest_route=%2Fwp%2Fv2%2Ftags&post=410"}],"curies":[{"name":"wp","href":"https:\/\/api.w.org\/{rel}","templated":true}]}}