{"id":411,"date":"2021-07-15T20:11:42","date_gmt":"2021-07-15T20:11:42","guid":{"rendered":"https:\/\/www.desdegranada.com\/site\/?p=411"},"modified":"2021-07-15T20:11:42","modified_gmt":"2021-07-15T20:11:42","slug":"esa-es-la-herramienta-de-trabajo-de-uno-ser-formal-con-la-gente-silvia-lopez-vendedora-de-fruta","status":"publish","type":"post","link":"https:\/\/www.desdegranada.com\/site\/?p=411","title":{"rendered":"\u201cEsa es la herramienta de trabajo de uno, ser formal con la gente\u201d: Silvia L\u00f3pez, vendedora de fruta"},"content":{"rendered":"<p style=\"text-align: justify;\">Con cualquiera de estos puntos de referencia se puede dar f\u00e1cilmente con ella, una mujer que todos los d\u00edas, a eso de las 8 de la ma\u00f1ana, sale hasta este sitio en La Variante de Granada a ganarse la vida con la venta de fruta picada.<\/p>\n<p style=\"text-align: justify;\">\u201cDe ocho a seis de la tarde trabajo todos los d\u00edas. Vendo todo lo que se ve aqu\u00ed: papaya, mango, pi\u00f1a, de todo lo que se ve aqu\u00ed yo le ofrezco a la gente a dos mil, a mil. Siempre tengo ese precio, no lo he cambiado por m\u00e1s, as\u00ed est\u00e9 cara la fruta, y con la ayuda de Dios me va bien\u201d.<\/p>\n<p style=\"text-align: justify;\"><img loading=\"lazy\" decoding=\"async\" src=\"images\/Silvia_frutas_1.jpg\" alt=\"\" width=\"750\" height=\"439\" \/><\/p>\n<p style=\"text-align: justify;\">Silvia naci\u00f3 y se cri\u00f3 en la vereda Los Medios, ubicada en la cuenca Calderas, all\u00ed pas\u00f3 su infancia y juventud, rodeada de su familia y la tranquilidad que ofrece el campo. \u201cCuando no hab\u00eda esa violencia, viv\u00eda uno bueno all\u00e1\u201d, dice.<\/p>\n<p style=\"text-align: justify;\">En Los Medios, ayudaba a su madre en los oficios del hogar y llevaba los alimentos a los hombres que se desempe\u00f1aban en las labores del campo. \u201cEl d\u00eda a d\u00eda all\u00e1 era en la casa ayud\u00e1ndole a mam\u00e1 y ayudando a llevar las comidas a la ramada, a la finca. Esa fue la crianza m\u00eda, hacer el desayuno, el almuerzo, la comida\u2026 O sea, cocinar y llevarles\u201d.<\/p>\n<p style=\"text-align: justify;\">\u201cDespu\u00e9s de la violencia fue donde todo se descuadr\u00f3 y ya me aburr\u00ed\u201d, recuerda ella con algo de nostalgia, y agrega: \u201cMe vine como a los 20 a\u00f1os de la finca y ya me fui a trabajar a Medell\u00edn\u201d. De la ciudad de la eterna primavera pas\u00f3 a la capital del eje cafetero, Pereira, en donde se puso a trabajar en una panader\u00eda. \u201cTrabaj\u00e9 ocho a\u00f1os, y como vi los pap\u00e1s que estaban muy enfermitos, me vine de all\u00e1, por estar pendiente de ellos\u201d.<\/p>\n<p style=\"text-align: justify;\"><img loading=\"lazy\" decoding=\"async\" src=\"images\/Silvia_frutas_2.jpg\" alt=\"\" width=\"750\" height=\"439\" \/><\/p>\n<p style=\"text-align: justify;\">La venta de frutas le ha permitido conseguir su sustento desde hace ya seis a\u00f1os. \u201cDesde que me vine, fui a la alcald\u00eda y ped\u00ed un permiso y me lo dieron, y desde eso estoy trabajando ac\u00e1. Tengo mucha clientela, ellos arriman porque es que yo soy muy formal pa atender la gente. Esa es la herramienta de trabajo de uno, ser formal con la gente\u201d.<\/p>\n<p style=\"text-align: justify;\">Silvia es orgullosamente granadina y solo la violencia, que en las d\u00e9cadas de los noventa y el dos mil vivi\u00f3 el municipio, logr\u00f3 sacarla de su terru\u00f1o. Hoy como en su \u00e9poca de juventud disfruta del d\u00eda a d\u00eda en el pueblo, pero, tras poco m\u00e1s de 20 a\u00f1os, lo hace en la zona urbana y cuidando de sus padres con quienes vive.<\/p>\n<p style=\"text-align: justify;\"><iframe loading=\"lazy\" src=\"\/\/www.youtube.com\/embed\/iROCJAXNbDo\" width=\"560\" height=\"314\" allowfullscreen=\"allowfullscreen\"><\/iframe><\/p>\n","protected":false},"excerpt":{"rendered":"<p>A un costado del quiosco de Postob\u00f3n, enfrente del restaurante La Oriental o cerca al taller de Los Caravanas est\u00e1 ubicado el puesto de frutas de do\u00f1a Silvia Helena L\u00f3pez Gonz\u00e1lez.<\/p>\n","protected":false},"author":1,"featured_media":0,"comment_status":"open","ping_status":"open","sticky":false,"template":"","format":"standard","meta":{"footnotes":""},"categories":[20],"tags":[],"class_list":["post-411","post","type-post","status-publish","format-standard","hentry","category-columnistas"],"_links":{"self":[{"href":"https:\/\/www.desdegranada.com\/site\/index.php?rest_route=\/wp\/v2\/posts\/411","targetHints":{"allow":["GET"]}}],"collection":[{"href":"https:\/\/www.desdegranada.com\/site\/index.php?rest_route=\/wp\/v2\/posts"}],"about":[{"href":"https:\/\/www.desdegranada.com\/site\/index.php?rest_route=\/wp\/v2\/types\/post"}],"author":[{"embeddable":true,"href":"https:\/\/www.desdegranada.com\/site\/index.php?rest_route=\/wp\/v2\/users\/1"}],"replies":[{"embeddable":true,"href":"https:\/\/www.desdegranada.com\/site\/index.php?rest_route=%2Fwp%2Fv2%2Fcomments&post=411"}],"version-history":[{"count":0,"href":"https:\/\/www.desdegranada.com\/site\/index.php?rest_route=\/wp\/v2\/posts\/411\/revisions"}],"wp:attachment":[{"href":"https:\/\/www.desdegranada.com\/site\/index.php?rest_route=%2Fwp%2Fv2%2Fmedia&parent=411"}],"wp:term":[{"taxonomy":"category","embeddable":true,"href":"https:\/\/www.desdegranada.com\/site\/index.php?rest_route=%2Fwp%2Fv2%2Fcategories&post=411"},{"taxonomy":"post_tag","embeddable":true,"href":"https:\/\/www.desdegranada.com\/site\/index.php?rest_route=%2Fwp%2Fv2%2Ftags&post=411"}],"curies":[{"name":"wp","href":"https:\/\/api.w.org\/{rel}","templated":true}]}}