{"id":412,"date":"2021-07-17T19:08:12","date_gmt":"2021-07-17T19:08:12","guid":{"rendered":"https:\/\/www.desdegranada.com\/site\/?p=412"},"modified":"2021-07-17T19:08:12","modified_gmt":"2021-07-17T19:08:12","slug":"por-todo-lo-alto-se-volvio-a-realizar-el-desfile-de-carros-en-honor-a-la-virgen-del-carmen","status":"publish","type":"post","link":"https:\/\/www.desdegranada.com\/site\/?p=412","title":{"rendered":"Por todo lo alto se volvi\u00f3 a realizar el desfile de carros en honor a la Virgen del Carmen"},"content":{"rendered":"<p style=\"text-align: justify;\">Y es que despu\u00e9s de darse la posibilidad de celebrar de manera presencial dichas fiestas, los devotos de esta advocaci\u00f3n de la Virgen Mar\u00eda y la comunidad en general estaban expectantes con respecto al desarrollo de esta conmemoraci\u00f3n.<\/p>\n<p style=\"text-align: justify;\">El tradicional desfile de carros, que es acompa\u00f1ado con juegos pirot\u00e9cnicos y la procesi\u00f3n con la imagen de la Virgen, son algunas de las actividades que m\u00e1s llaman la atenci\u00f3n dentro de la celebraci\u00f3n, sin embargo, la participaci\u00f3n de los se\u00f1ores en los retiros espirituales, tambi\u00e9n ha sido m\u00e1s que significativa a lo largo de los tres d\u00edas.<\/p>\n<p style=\"text-align: justify;\"><img loading=\"lazy\" decoding=\"async\" src=\"images\/Virgen_del_Carmen_2021_1.jpg\" alt=\"\" width=\"750\" height=\"439\" \/><\/p>\n<p style=\"text-align: justify;\">El padre Gabriel Jaime Orozco, miembro del equipo sacerdotal de la Parroquia Santa B\u00e1rbara, destac\u00f3 el fervor con que se vive esta festividad religiosa en el municipio \u201clo he vivido con mucho asombro, muy edificado por esta fe de los granadinos y por esta devoci\u00f3n tan linda a la Virgen del Carmen\u201d.<\/p>\n<p style=\"text-align: justify;\">Previo al 16 de julio, d\u00eda oficial de la Virgen del Carmen, los conductores de todo tipo de veh\u00edculos empezaban a preparar sus medios de transporte para participar del desfile y acompa\u00f1ar a su patrona, y llegado el momento, la respuesta fue quiz\u00e1s mayor de lo que se esperaba. Una gran cantidad de motos, carros particulares, escaleras, buses y hasta bicicletas, volquetas y camiones desfilaron hasta el Alto de la Cruz adornados con cintas de colores, banderas e im\u00e1genes de la Virgen del Carmen, todos recibiendo la bendici\u00f3n del sacerdote en El Carmelo.<\/p>\n<p style=\"text-align: justify;\">Como si la mism\u00edsima Virgen hubiese intercedido ante San Pedro, el clima se comport\u00f3 a la altura para posibilitar que todos sus fieles le acompa\u00f1aran y si que lo hicieron sonando sus bocinas a lo largo del recorrido.<\/p>\n<p style=\"text-align: justify;\"><img loading=\"lazy\" decoding=\"async\" src=\"images\/Virgen_del_Carmen_2021_2.jpg\" alt=\"\" width=\"750\" height=\"439\" \/><\/p>\n<p style=\"text-align: justify;\">Los fuegos artificiales adornaron el cielo granadino esperando la terminaci\u00f3n de la eucarist\u00eda solemne para regresar al municipio, y aunque llegando a El Carmelo la lluvia se hizo presente, el homenaje a la Reina del Cielo continu\u00f3. En los alrededores del atrio parroquial y a lo largo de las v\u00edas principales, algunos fieles aguardaron por la llegada de la carroza con la imagen de la Virgen y los dem\u00e1s veh\u00edculos; mientras tanto, los paisanos dispersos por la geograf\u00eda nacional, vivieron a trav\u00e9s de las redes sociales este momento lleno de tradici\u00f3n y de colorido, pero tambi\u00e9n de fe.<\/p>\n<p style=\"text-align: justify;\">Hoy s\u00e1bado, la imagen de la Virgen del Carmen recorrer\u00e1 las principales calles del municipio y visitar\u00e1 cada uno de los sectores en la clausura de su fiesta.<\/p>\n<p><iframe loading=\"lazy\" style=\"border: none; overflow: hidden;\" src=\"https:\/\/www.facebook.com\/plugins\/video.php?height=288&amp;href=https%3A%2F%2Fwww.facebook.com%2Fgranada.stereo%2Fvideos%2F556788818803526%2F&amp;show_text=true&amp;width=560&amp;t=0\" width=\"560\" height=\"403\" frameborder=\"0\" scrolling=\"no\" allowfullscreen=\"allowfullscreen\"><\/iframe><\/p>\n<p>\u00a0<\/p>\n<p><iframe loading=\"lazy\" style=\"border: none; overflow: hidden;\" src=\"https:\/\/www.facebook.com\/plugins\/video.php?height=288&amp;href=https%3A%2F%2Fwww.facebook.com%2Fgranada.stereo%2Fvideos%2F1056885974718792%2F&amp;show_text=true&amp;width=560&amp;t=0\" width=\"560\" height=\"403\" frameborder=\"0\" scrolling=\"no\" allowfullscreen=\"allowfullscreen\"><\/iframe><\/p>\n<p>\u00a0<\/p>\n<p><iframe loading=\"lazy\" style=\"border: none; overflow: hidden;\" src=\"https:\/\/www.facebook.com\/plugins\/video.php?height=288&amp;href=https%3A%2F%2Fwww.facebook.com%2Fgranada.stereo%2Fvideos%2F1835713223277379%2F&amp;show_text=true&amp;width=560&amp;t=0\" width=\"560\" height=\"403\" frameborder=\"0\" scrolling=\"no\" allowfullscreen=\"allowfullscreen\"><\/iframe><\/p>\n<p>\u00a0<\/p>\n<p><iframe loading=\"lazy\" style=\"border: none; overflow: hidden;\" src=\"https:\/\/www.facebook.com\/plugins\/video.php?height=286&amp;href=https%3A%2F%2Fwww.facebook.com%2Fgranada.stereo%2Fvideos%2F320182569787167%2F&amp;show_text=true&amp;width=560&amp;t=0\" width=\"560\" height=\"401\" frameborder=\"0\" scrolling=\"no\" allowfullscreen=\"allowfullscreen\"><\/iframe><\/p>\n<p>\u00a0<\/p>\n<p><iframe loading=\"lazy\" style=\"border: none; overflow: hidden;\" src=\"https:\/\/www.facebook.com\/plugins\/video.php?height=280&amp;href=https%3A%2F%2Fwww.facebook.com%2Fgranada.stereo%2Fvideos%2F827685234554987%2F&amp;show_text=true&amp;width=560&amp;t=0\" width=\"560\" height=\"395\" frameborder=\"0\" scrolling=\"no\" allowfullscreen=\"allowfullscreen\"><\/iframe><\/p>\n<p>\u00a0<\/p>\n<p><iframe loading=\"lazy\" style=\"border: none; overflow: hidden;\" src=\"https:\/\/www.facebook.com\/plugins\/video.php?height=314&amp;href=https%3A%2F%2Fwww.facebook.com%2Fgranada.stereo%2Fvideos%2F519656335948435%2F&amp;show_text=true&amp;width=560&amp;t=0\" width=\"560\" height=\"429\" frameborder=\"0\" scrolling=\"no\" allowfullscreen=\"allowfullscreen\"><\/iframe><\/p>\n","protected":false},"excerpt":{"rendered":"<p style=\"text-align: justify;\">Tras un a\u00f1o en el que la pandemia del covid 19 impidi\u00f3 la realizaci\u00f3n de innumerables eventos, entre ellos la celebraci\u00f3n de las fiestas en honor a la Virgen del Carmen, los fieles se ven\u00edan preparando con anterioridad para participar de cada una de las actividades programadas por la parroquia Santa B\u00e1rbara con el apoyo de comerciantes y transportadores.<\/p>\n","protected":false},"author":1,"featured_media":0,"comment_status":"open","ping_status":"open","sticky":false,"template":"","format":"standard","meta":{"footnotes":""},"categories":[19],"tags":[],"class_list":["post-412","post","type-post","status-publish","format-standard","hentry","category-noticias"],"_links":{"self":[{"href":"https:\/\/www.desdegranada.com\/site\/index.php?rest_route=\/wp\/v2\/posts\/412","targetHints":{"allow":["GET"]}}],"collection":[{"href":"https:\/\/www.desdegranada.com\/site\/index.php?rest_route=\/wp\/v2\/posts"}],"about":[{"href":"https:\/\/www.desdegranada.com\/site\/index.php?rest_route=\/wp\/v2\/types\/post"}],"author":[{"embeddable":true,"href":"https:\/\/www.desdegranada.com\/site\/index.php?rest_route=\/wp\/v2\/users\/1"}],"replies":[{"embeddable":true,"href":"https:\/\/www.desdegranada.com\/site\/index.php?rest_route=%2Fwp%2Fv2%2Fcomments&post=412"}],"version-history":[{"count":0,"href":"https:\/\/www.desdegranada.com\/site\/index.php?rest_route=\/wp\/v2\/posts\/412\/revisions"}],"wp:attachment":[{"href":"https:\/\/www.desdegranada.com\/site\/index.php?rest_route=%2Fwp%2Fv2%2Fmedia&parent=412"}],"wp:term":[{"taxonomy":"category","embeddable":true,"href":"https:\/\/www.desdegranada.com\/site\/index.php?rest_route=%2Fwp%2Fv2%2Fcategories&post=412"},{"taxonomy":"post_tag","embeddable":true,"href":"https:\/\/www.desdegranada.com\/site\/index.php?rest_route=%2Fwp%2Fv2%2Ftags&post=412"}],"curies":[{"name":"wp","href":"https:\/\/api.w.org\/{rel}","templated":true}]}}