{"id":413,"date":"2021-07-21T17:44:02","date_gmt":"2021-07-21T17:44:02","guid":{"rendered":"https:\/\/www.desdegranada.com\/site\/?p=413"},"modified":"2021-07-21T17:44:02","modified_gmt":"2021-07-21T17:44:02","slug":"festival-empresarte-un-espacio-para-promover-el-talento-y-las-ideas-de-empresa-de-los-jovenes-granadinos","status":"publish","type":"post","link":"https:\/\/www.desdegranada.com\/site\/?p=413","title":{"rendered":"Festival Empresarte: un espacio para promover el talento y las ideas de empresa de los j\u00f3venes granadinos"},"content":{"rendered":"<p style=\"text-align: justify;\">\u201cEsta es una manera de reconocer el territorio, es una manera de decir: yo pertenezco a un lugar y hago mis cosas por mi cuenta, recupero esas habilidades pr\u00e1cticas y salgo a compartir en comunidad lo que yo soy como persona. Tambi\u00e9n para mostrarse, para aprender del otro, para llenarse de diversidad\u201d, dijo Natalia sobre esta iniciativa.<\/p>\n<p style=\"text-align: justify;\">Como ella, otros diez emprendimientos locales con productos como pulseras, ropa de segunda mano, plantas, artesan\u00edas en madera y comestibles, participaron de este festival que pretende convertirse en el escenario propicio no solo para dar a conocer cada uno de los proyectos en los que est\u00e1n trabajando los j\u00f3venes de Granada, sino tambi\u00e9n para promover la comercializaci\u00f3n de los productos que ellos elaboran.<\/p>\n<p style=\"text-align: justify;\"><img loading=\"lazy\" decoding=\"async\" src=\"images\/Festival_empresarte_1.jpg\" alt=\"\" width=\"750\" height=\"439\" \/><\/p>\n<p style=\"text-align: justify;\">Sobre el festival, Isabel Garc\u00eda, coordinadora de juventud de Granada explic\u00f3 que \u201csurgi\u00f3 de los mismos j\u00f3venes, del comit\u00e9 de emprendimiento que se llama Empresarte. La idea es empezar a hacerlo peri\u00f3dicamente, que entre todos podamos generar esa participaci\u00f3n y propiciar todo ese tema de econom\u00eda local, de oportunidades para nuestros j\u00f3venes, para los ni\u00f1os y para los adultos\u201d.<\/p>\n<p style=\"text-align: justify;\">La comunidad por su parte tambi\u00e9n supo responder a esta invitaci\u00f3n de la plataforma juvenil, pues ya fuera con la idea de comprar o simplemente de curiosear, se acercaron hasta el atrio del templo parroquial para conocer sobre la actividad o los productos que se estaban ofreciendo.<\/p>\n<p style=\"text-align: justify;\">\u201cLa idea es continuar con estos espacios que se nos est\u00e1n brindando como j\u00f3venes y que toda la comunidad sepa de nosotros\u201d, coment\u00f3 Diana G\u00f3mez, presidenta de la plataforma juvenil.<\/p>\n<p style=\"text-align: justify;\">El Festival de Empresarte Este no ser\u00e1 el primero, pues con todo el liderazgo juvenil y el respaldo de la coordinaci\u00f3n de juventud y la plataforma juvenil, se buscar\u00e1 consolidarlo e involucrar m\u00e1s emprendimientos de la poblaci\u00f3n joven de Granada.<\/p>\n<p style=\"text-align: justify;\"><iframe loading=\"lazy\" src=\"\/\/www.youtube.com\/embed\/TyAeAudcbLU\" width=\"560\" height=\"314\" allowfullscreen=\"allowfullscreen\"><\/iframe><\/p>\n<p><iframe loading=\"lazy\" style=\"border: none; overflow: hidden;\" src=\"https:\/\/www.facebook.com\/plugins\/video.php?height=314&amp;href=https%3A%2F%2Fwww.facebook.com%2Fgranada.stereo%2Fvideos%2F2918697678387766%2F&amp;show_text=true&amp;width=560&amp;t=0\" width=\"560\" height=\"429\" frameborder=\"0\" scrolling=\"no\" allowfullscreen=\"allowfullscreen\"><\/iframe><\/p>\n","protected":false},"excerpt":{"rendered":"<p style=\"text-align: justify;\">Con sus vinos, gaseosas y ensaladas fermentadas, Natalia Prieto se sum\u00f3 al primer Festival de Empresarte que se desarroll\u00f3 en la Plazoleta Tiberio de J Salazar y Herrera de Granada el domingo 18 de julio y que fue liderado por la plataforma juvenil.<\/p>\n","protected":false},"author":1,"featured_media":0,"comment_status":"open","ping_status":"open","sticky":false,"template":"","format":"standard","meta":{"footnotes":""},"categories":[19],"tags":[],"class_list":["post-413","post","type-post","status-publish","format-standard","hentry","category-noticias"],"_links":{"self":[{"href":"https:\/\/www.desdegranada.com\/site\/index.php?rest_route=\/wp\/v2\/posts\/413","targetHints":{"allow":["GET"]}}],"collection":[{"href":"https:\/\/www.desdegranada.com\/site\/index.php?rest_route=\/wp\/v2\/posts"}],"about":[{"href":"https:\/\/www.desdegranada.com\/site\/index.php?rest_route=\/wp\/v2\/types\/post"}],"author":[{"embeddable":true,"href":"https:\/\/www.desdegranada.com\/site\/index.php?rest_route=\/wp\/v2\/users\/1"}],"replies":[{"embeddable":true,"href":"https:\/\/www.desdegranada.com\/site\/index.php?rest_route=%2Fwp%2Fv2%2Fcomments&post=413"}],"version-history":[{"count":0,"href":"https:\/\/www.desdegranada.com\/site\/index.php?rest_route=\/wp\/v2\/posts\/413\/revisions"}],"wp:attachment":[{"href":"https:\/\/www.desdegranada.com\/site\/index.php?rest_route=%2Fwp%2Fv2%2Fmedia&parent=413"}],"wp:term":[{"taxonomy":"category","embeddable":true,"href":"https:\/\/www.desdegranada.com\/site\/index.php?rest_route=%2Fwp%2Fv2%2Fcategories&post=413"},{"taxonomy":"post_tag","embeddable":true,"href":"https:\/\/www.desdegranada.com\/site\/index.php?rest_route=%2Fwp%2Fv2%2Ftags&post=413"}],"curies":[{"name":"wp","href":"https:\/\/api.w.org\/{rel}","templated":true}]}}