{"id":415,"date":"2021-07-29T16:53:55","date_gmt":"2021-07-29T16:53:55","guid":{"rendered":"https:\/\/www.desdegranada.com\/site\/?p=415"},"modified":"2021-07-29T16:53:55","modified_gmt":"2021-07-29T16:53:55","slug":"v-encuentro-del-libro-el-sentir-de-la-memoria","status":"publish","type":"post","link":"https:\/\/www.desdegranada.com\/site\/?p=415","title":{"rendered":"V Encuentro del Libro \u00abEl sentir de la memoria\u00bb"},"content":{"rendered":"<p style=\"text-align: justify;\">El proyecto se viene desarrollando desde el mes de abril del presente a\u00f1o con las siguientes actividades: \u00a0<\/p>\n<p style=\"text-align: justify;\">\u00abLa memoria de los d\u00edas\u00bb con el hogar geri\u00e1trico San Jos\u00e9.<\/p>\n<p style=\"text-align: justify;\">\u00abTodos los sentidos\u00bb con la casa de inclusi\u00f3n Senderos de la Esperanza que atiende poblaci\u00f3n con necesidades especiales.<\/p>\n<p style=\"text-align: justify;\">\u00abFrecuencia tropical\u00bb por medio del facebook live de la biblioteca Jes\u00fas Mar\u00eda Yepes.<\/p>\n<p style=\"text-align: justify;\">\u00abLectores de la libertad\u00bb con el club de lectura de la biblioteca Jes\u00fas Mar\u00eda Yepes.<\/p>\n<p style=\"text-align: justify;\">\u00abLas letras por los caminos rurales\u00bb en zona rural del municipio de Granada.<\/p>\n<p style=\"text-align: justify;\">\u00ab8 historias, 8 parques\u00bb realizado en los diferentes parques de la zona urbana del municipio de Granada.\u00a0\u00a0\u00a0\u00a0\u00a0\u00a0\u00a0<\/p>\n<p style=\"text-align: justify;\">\u201cEl sonido de las palabras\u00bb con el CDI Fuentecitas del Saber.<\/p>\n<p style=\"text-align: justify;\">\u00abHora del cuento\u00bb actividades en las instalaciones de la biblioteca Jes\u00fas Mar\u00eda Yepes con ni\u00f1os y ni\u00f1as de 7 a 12 a\u00f1os.<\/p>\n<p style=\"text-align: justify;\">Para esta versi\u00f3n del Encuentro del Libro, tendremos 15 expositores con los que realizaremos 13 talleres literarios, 6 conversatorios, 4 actividades culturales, 1 recital de poes\u00eda, 1 carnaval literario, la socializaci\u00f3n del proyecto, la premiaci\u00f3n del concurso de cuento, eventos a los cuales est\u00e1n invitadas todas las personas amantes de los libros, el arte y la cultura.\u00a0<\/p>\n<p><iframe loading=\"lazy\" style=\"border: none; overflow: hidden;\" src=\"https:\/\/www.facebook.com\/plugins\/post.php?href=https%3A%2F%2Fwww.facebook.com%2Fgranada.stereo%2Fposts%2F1976622422496707&amp;show_text=true&amp;width=500\" width=\"500\" height=\"368\" frameborder=\"0\" scrolling=\"no\" allowfullscreen=\"allowfullscreen\"><\/iframe><\/p>\n","protected":false},"excerpt":{"rendered":"<p style=\"text-align: justify;\">En el municipio de Granada se realizar\u00e1 los d\u00edas 29, 30 y 31 del mes de julio el \u201cV Encuentro del Libro\u201d en el marco del Proyecto \u201cGranada entre cuentos e historias\u201d presentado por la biblioteca municipal Jes\u00fas Mar\u00eda Yepes y la casa de la cultura Ram\u00f3n Eduardo Duque, siendo ganador de la convocatoria Concertaci\u00f3n Nacional 2021 del Ministerio de Cultura.<\/p>\n","protected":false},"author":1,"featured_media":0,"comment_status":"open","ping_status":"open","sticky":false,"template":"","format":"standard","meta":{"footnotes":""},"categories":[19],"tags":[],"class_list":["post-415","post","type-post","status-publish","format-standard","hentry","category-noticias"],"_links":{"self":[{"href":"https:\/\/www.desdegranada.com\/site\/index.php?rest_route=\/wp\/v2\/posts\/415","targetHints":{"allow":["GET"]}}],"collection":[{"href":"https:\/\/www.desdegranada.com\/site\/index.php?rest_route=\/wp\/v2\/posts"}],"about":[{"href":"https:\/\/www.desdegranada.com\/site\/index.php?rest_route=\/wp\/v2\/types\/post"}],"author":[{"embeddable":true,"href":"https:\/\/www.desdegranada.com\/site\/index.php?rest_route=\/wp\/v2\/users\/1"}],"replies":[{"embeddable":true,"href":"https:\/\/www.desdegranada.com\/site\/index.php?rest_route=%2Fwp%2Fv2%2Fcomments&post=415"}],"version-history":[{"count":0,"href":"https:\/\/www.desdegranada.com\/site\/index.php?rest_route=\/wp\/v2\/posts\/415\/revisions"}],"wp:attachment":[{"href":"https:\/\/www.desdegranada.com\/site\/index.php?rest_route=%2Fwp%2Fv2%2Fmedia&parent=415"}],"wp:term":[{"taxonomy":"category","embeddable":true,"href":"https:\/\/www.desdegranada.com\/site\/index.php?rest_route=%2Fwp%2Fv2%2Fcategories&post=415"},{"taxonomy":"post_tag","embeddable":true,"href":"https:\/\/www.desdegranada.com\/site\/index.php?rest_route=%2Fwp%2Fv2%2Ftags&post=415"}],"curies":[{"name":"wp","href":"https:\/\/api.w.org\/{rel}","templated":true}]}}