{"id":416,"date":"2021-07-31T14:43:30","date_gmt":"2021-07-31T14:43:30","guid":{"rendered":"https:\/\/www.desdegranada.com\/site\/?p=416"},"modified":"2021-07-31T14:43:30","modified_gmt":"2021-07-31T14:43:30","slug":"granadinos-aportan-sus-ideas-para-el-futuro-del-departamento-en-la-agenda-antioquia-2040","status":"publish","type":"post","link":"https:\/\/www.desdegranada.com\/site\/?p=416","title":{"rendered":"Granadinos aportan sus ideas para el \u00a0futuro del departamento en la Agenda Antioquia 2040"},"content":{"rendered":"<p style=\"text-align: justify;\">Cada una de las personas y grupos que hicieron parte de los encuentros, tuvieron la oportunidad de aportar sus ideas y resolver sus inquietudes frente a temas importantes de la agenda como los son la educaci\u00f3n, el desarrollo rural y sostenible, la infraestructura, la inclusi\u00f3n y la vivienda, entre otros.<\/p>\n<p style=\"text-align: justify;\">\u201cLa forma como nosotros analizamos esto, me da la impresi\u00f3n de que s\u00ed ayuda a mejorar tremendamente toda la comunidad y el desarrollo de ac\u00e1 al 2040 que es la proyecci\u00f3n\u201d, opin\u00f3 Carlos Rom\u00e1n Casta\u00f1o, presidente de la Asocomunal Granada.<\/p>\n<p style=\"text-align: justify;\">Juan Diego L\u00f3pez, quien particip\u00f3 de los encuentros en representaci\u00f3n de las personas en condici\u00f3n de discapacidad, valor\u00f3 la oportunidad de hacer parte de este ejercicio y expres\u00f3 que \u201ces una buena opci\u00f3n para tomar ideas. Es muy buena idea para mejorar y ver qu\u00e9 oportunidades se les puede dar a las personas, mejorar tambi\u00e9n los programas inclusivos como el arte, la m\u00fasica, el deporte, el teatro, la lectura, para que las personas que tengan sus discapacidades puedan aportar en la construcci\u00f3n de comunidad\u201d.<\/p>\n<p style=\"text-align: justify;\"><img decoding=\"async\" src=\"images\/Agenda_Antioquia_2040.jpg\" alt=\"\" \/><\/p>\n<p style=\"text-align: justify;\">Sobre el cronograma desarrollado durante la semana, el mandatario local Freddy Casta\u00f1o Aristiz\u00e1bal manifest\u00f3: \u201cuno cree que 2040 est\u00e1 lejano y el tiempo va corriendo demasiado. Tenemos que preparar el ambiente, el territorio, a nuestra poblaci\u00f3n con respecto a lo que va sucediendo, para acercarnos a esa mirada, un municipio de paz, de armon\u00eda, de progreso, de desarrollo, cerrar las brechas de inequidad, una gran cantidad de asuntos que est\u00e1n enmarcados dentro de esta gran agenda\u201d.<\/p>\n<p style=\"text-align: justify;\">Por su parte Julio Cesar Giraldo, concejal del municipio dijo \u201ces importante destacar la posibilidad que nos dan de proponer aquellas ideas que pueden fortalecer tanto a Granada como a Antioquia en este lapso de 20 a\u00f1os\u201d, y agreg\u00f3 \u201csolo nos queda esperar que algo de estas ideas que se aportaron sean realidad para nuestro municipio\u201d.<\/p>\n<p style=\"text-align: justify;\">Por su visi\u00f3n hacia fututo, la Agenda Antioquia 2040 se convertir\u00e1 en la hoja de ruta para gobiernos de turno, l\u00edderes y comunidades en general para llevar a cabo proyectos que permitan mejorar la calidad de vida del pueblo antioque\u00f1o.<\/p>\n","protected":false},"excerpt":{"rendered":"<p style=\"text-align: justify;\">Tras una semana de trabajo con los distintos sectores sociales, l\u00edderes, servidores p\u00fablicos, comunidades y otros gremios, se realiz\u00f3, este viernes 30 de julio en Granada, la plenaria correspondiente al ejercicio de construcci\u00f3n de la Agenda Antioquia 2040, cuyo objetivo es proyectar el desarrollo social y econ\u00f3mico del departamento y cada uno de los territorios que lo componen.<\/p>\n","protected":false},"author":1,"featured_media":0,"comment_status":"open","ping_status":"open","sticky":false,"template":"","format":"standard","meta":{"footnotes":""},"categories":[19],"tags":[],"class_list":["post-416","post","type-post","status-publish","format-standard","hentry","category-noticias"],"_links":{"self":[{"href":"https:\/\/www.desdegranada.com\/site\/index.php?rest_route=\/wp\/v2\/posts\/416","targetHints":{"allow":["GET"]}}],"collection":[{"href":"https:\/\/www.desdegranada.com\/site\/index.php?rest_route=\/wp\/v2\/posts"}],"about":[{"href":"https:\/\/www.desdegranada.com\/site\/index.php?rest_route=\/wp\/v2\/types\/post"}],"author":[{"embeddable":true,"href":"https:\/\/www.desdegranada.com\/site\/index.php?rest_route=\/wp\/v2\/users\/1"}],"replies":[{"embeddable":true,"href":"https:\/\/www.desdegranada.com\/site\/index.php?rest_route=%2Fwp%2Fv2%2Fcomments&post=416"}],"version-history":[{"count":0,"href":"https:\/\/www.desdegranada.com\/site\/index.php?rest_route=\/wp\/v2\/posts\/416\/revisions"}],"wp:attachment":[{"href":"https:\/\/www.desdegranada.com\/site\/index.php?rest_route=%2Fwp%2Fv2%2Fmedia&parent=416"}],"wp:term":[{"taxonomy":"category","embeddable":true,"href":"https:\/\/www.desdegranada.com\/site\/index.php?rest_route=%2Fwp%2Fv2%2Fcategories&post=416"},{"taxonomy":"post_tag","embeddable":true,"href":"https:\/\/www.desdegranada.com\/site\/index.php?rest_route=%2Fwp%2Fv2%2Ftags&post=416"}],"curies":[{"name":"wp","href":"https:\/\/api.w.org\/{rel}","templated":true}]}}