{"id":417,"date":"2021-08-02T22:34:04","date_gmt":"2021-08-02T22:34:04","guid":{"rendered":"https:\/\/www.desdegranada.com\/site\/?p=417"},"modified":"2021-08-02T22:34:04","modified_gmt":"2021-08-02T22:34:04","slug":"en-granada-y-santa-ana-se-tendran-nuevas-jornadas-de-esterilizacion-de-mascotas","status":"publish","type":"post","link":"https:\/\/www.desdegranada.com\/site\/?p=417","title":{"rendered":"En Granada y Santa Ana se tendr\u00e1n nuevas jornadas de esterilizaci\u00f3n de mascotas"},"content":{"rendered":"<p style=\"text-align: justify;\">Desde la oficina ambiental de la administraci\u00f3n municipal y la Asociaci\u00f3n Granada por los Animales, con apoyo de otras organizaciones de orden departamental, se han venido ofreciendo los espacios para realizar este procedimiento a las mascotas de la localidad.<\/p>\n<p style=\"text-align: justify;\">En ese sentido, los d\u00edas 22 y 23 de agosto se desarrollar\u00e1n nuevas jornadas en el casco urbano de Granada y Santa Ana, respectivamente, con las que se pretende incrementar el n\u00famero de mascotas esterilizadas.<\/p>\n<p style=\"text-align: justify;\"><img decoding=\"async\" src=\"images\/Esterilizacin_22_de_agosto.jpg\" alt=\"\" \/><\/p>\n<p style=\"text-align: justify;\">Sobre dichas jornadas, Jessica Cruz, funcionaria de la oficina ambiental del municipio, explic\u00f3 que \u201csomos de los pocos municipios a los que nos aceptaron la solicitud de realizar esterilizaci\u00f3n en zona rural, por lo que es muy importante cumplir con el cupo en Santa Ana y as\u00ed evitar que nos retiren el apoyo en pr\u00f3ximas jornadas\u201d.<\/p>\n<p style=\"text-align: justify;\">Ser\u00e1n en total 250 cupos, 130 para la zona urbana y 120 para el corregimiento de Santa Ana y cualquier propietario de mascota, perro o gato, puede separar una cita en las oficinas de la Umata o de sanidad del municipio o comunic\u00e1ndose al celular 312 296 52 28.<\/p>\n","protected":false},"excerpt":{"rendered":"<p style=\"text-align: justify;\">Adem\u00e1s de mejorar la calidad de vida de nuestras mascotas y de contener la sobrepoblaci\u00f3n, con la esterilizaci\u00f3n de caninos y felinos, se ayuda tambi\u00e9n a disminuir las cifras de abandono y se genera una mayor conciencia en la comunidad sobre la importancia de la adopci\u00f3n.<\/p>\n","protected":false},"author":1,"featured_media":0,"comment_status":"open","ping_status":"open","sticky":false,"template":"","format":"standard","meta":{"footnotes":""},"categories":[19],"tags":[],"class_list":["post-417","post","type-post","status-publish","format-standard","hentry","category-noticias"],"_links":{"self":[{"href":"https:\/\/www.desdegranada.com\/site\/index.php?rest_route=\/wp\/v2\/posts\/417","targetHints":{"allow":["GET"]}}],"collection":[{"href":"https:\/\/www.desdegranada.com\/site\/index.php?rest_route=\/wp\/v2\/posts"}],"about":[{"href":"https:\/\/www.desdegranada.com\/site\/index.php?rest_route=\/wp\/v2\/types\/post"}],"author":[{"embeddable":true,"href":"https:\/\/www.desdegranada.com\/site\/index.php?rest_route=\/wp\/v2\/users\/1"}],"replies":[{"embeddable":true,"href":"https:\/\/www.desdegranada.com\/site\/index.php?rest_route=%2Fwp%2Fv2%2Fcomments&post=417"}],"version-history":[{"count":0,"href":"https:\/\/www.desdegranada.com\/site\/index.php?rest_route=\/wp\/v2\/posts\/417\/revisions"}],"wp:attachment":[{"href":"https:\/\/www.desdegranada.com\/site\/index.php?rest_route=%2Fwp%2Fv2%2Fmedia&parent=417"}],"wp:term":[{"taxonomy":"category","embeddable":true,"href":"https:\/\/www.desdegranada.com\/site\/index.php?rest_route=%2Fwp%2Fv2%2Fcategories&post=417"},{"taxonomy":"post_tag","embeddable":true,"href":"https:\/\/www.desdegranada.com\/site\/index.php?rest_route=%2Fwp%2Fv2%2Ftags&post=417"}],"curies":[{"name":"wp","href":"https:\/\/api.w.org\/{rel}","templated":true}]}}