{"id":418,"date":"2021-08-13T19:46:21","date_gmt":"2021-08-13T19:46:21","guid":{"rendered":"https:\/\/www.desdegranada.com\/site\/?p=418"},"modified":"2021-08-13T19:46:21","modified_gmt":"2021-08-13T19:46:21","slug":"los-versos-de-pichingo-y-corozo-estaran-en-la-seminal-del-festival-de-la-trova-ciudad-de-medellin","status":"publish","type":"post","link":"https:\/\/www.desdegranada.com\/site\/?p=418","title":{"rendered":"Los versos de Pichingo y Corozo estar\u00e1n en la seminal del Festival de la Trova Ciudad de Medell\u00edn"},"content":{"rendered":"<p style=\"text-align: justify;\">El certamen inici\u00f3 con un total de 84 repentistas, entre quienes, cada fin de semana, se eleg\u00edan 14 participantes para el desarrollo de las fases eliminatorias que tuvieron lugar en los corregimientos de la ciudad.<\/p>\n<p style=\"text-align: justify;\"><img decoding=\"async\" src=\"images\/Pichingo_y_Corozo.jpg\" alt=\"\" \/><\/p>\n<p style=\"text-align: justify;\">El inicio de las semifinales se dio con 24 participantes, entre los que se destaca el talento de los granadinos Diego Alexander G\u00f3mez \u201cPichingo\u201d y Marco Aurelio Giraldo \u201cCorozo\u201d, quienes a punta de versos intentar\u00e1n convencer al p\u00fablico y al jurado de que merecen pasar a la final y coronarse como los reyes de este importante festival.<\/p>\n<p style=\"text-align: justify;\">Los invitamos a seguir la transmisi\u00f3n de la semifinal por el canal Telemedell\u00edn y las redes sociales a partir de las 8:pm.<\/p>\n","protected":false},"excerpt":{"rendered":"<p style=\"text-align: justify;\">En el marco de la celebraci\u00f3n de la Feria de las Flores, los versos improvisados, la imaginaci\u00f3n y la creatividad para construir cada trova hacen que la versi\u00f3n n\u00famero 17 del festival de la trova sea uno de los mayores atractivos de esta festividad, que cada a\u00f1o se da cita en la cuidad de la eterna primavera.<\/p>\n","protected":false},"author":1,"featured_media":0,"comment_status":"open","ping_status":"open","sticky":false,"template":"","format":"standard","meta":{"footnotes":""},"categories":[19],"tags":[],"class_list":["post-418","post","type-post","status-publish","format-standard","hentry","category-noticias"],"_links":{"self":[{"href":"https:\/\/www.desdegranada.com\/site\/index.php?rest_route=\/wp\/v2\/posts\/418","targetHints":{"allow":["GET"]}}],"collection":[{"href":"https:\/\/www.desdegranada.com\/site\/index.php?rest_route=\/wp\/v2\/posts"}],"about":[{"href":"https:\/\/www.desdegranada.com\/site\/index.php?rest_route=\/wp\/v2\/types\/post"}],"author":[{"embeddable":true,"href":"https:\/\/www.desdegranada.com\/site\/index.php?rest_route=\/wp\/v2\/users\/1"}],"replies":[{"embeddable":true,"href":"https:\/\/www.desdegranada.com\/site\/index.php?rest_route=%2Fwp%2Fv2%2Fcomments&post=418"}],"version-history":[{"count":0,"href":"https:\/\/www.desdegranada.com\/site\/index.php?rest_route=\/wp\/v2\/posts\/418\/revisions"}],"wp:attachment":[{"href":"https:\/\/www.desdegranada.com\/site\/index.php?rest_route=%2Fwp%2Fv2%2Fmedia&parent=418"}],"wp:term":[{"taxonomy":"category","embeddable":true,"href":"https:\/\/www.desdegranada.com\/site\/index.php?rest_route=%2Fwp%2Fv2%2Fcategories&post=418"},{"taxonomy":"post_tag","embeddable":true,"href":"https:\/\/www.desdegranada.com\/site\/index.php?rest_route=%2Fwp%2Fv2%2Ftags&post=418"}],"curies":[{"name":"wp","href":"https:\/\/api.w.org\/{rel}","templated":true}]}}