{"id":419,"date":"2021-08-18T22:44:37","date_gmt":"2021-08-18T22:44:37","guid":{"rendered":"https:\/\/www.desdegranada.com\/site\/?p=419"},"modified":"2021-08-18T22:44:37","modified_gmt":"2021-08-18T22:44:37","slug":"bazar-en-favor-del-asilo-san-jose-supero-los-20-millones-de-pesos","status":"publish","type":"post","link":"https:\/\/www.desdegranada.com\/site\/?p=419","title":{"rendered":"Bazar en favor del asilo San Jos\u00e9 super\u00f3 los 20 millones de pesos"},"content":{"rendered":"<p style=\"text-align: justify;\">A pesar de la lluvia, y no solo con la idea de apoyar la labor de las Hermanas Siervas del Sant\u00edsimo y de la Caridad, sino tambi\u00e9n con la de conseguir ropa, comestibles y otros elementos a precios muy bajos, la comunidad granadina y los paisanos residentes en las distintas ciudades se sumaron a esta causa solidaria desde su apertura a las 9 de la ma\u00f1ana.<\/p>\n<p style=\"text-align: justify;\">La cifra alcanzada entre ventas y donaciones fue de veintitr\u00e9s millones\u00a0ochocientos veintisiete\u00a0mil\u00a0setecientos cincuenta\u00a0pesos ($23.827.750), dinero con el que se pretende adquirir mesas de noche para los 34 abuelos que habitan en el Centro de Bienestar y dar inicio al cambio de los pasamanos ubicados por todo el espacio, que son en madera y deben ser reemplazados por unos en acero inoxidable, como lo exige la normativa sanitaria.<\/p>\n<p style=\"text-align: justify;\">\u201cA pesar de esta pandemia que estamos viviendo es estimulante encontrar personas que puedan seguir siendo tan generosas. De coraz\u00f3n, Dios los bendiga, seguimos encomend\u00e1ndolos en nuestras oraciones all\u00ed junto con nuestros adultos mayores\u201d, expres\u00f3 la hermana Zoraida Delgado, directora del CBA, tras la finalizaci\u00f3n del evento.<\/p>\n<p style=\"text-align: justify;\">\u00a0<\/p>\n","protected":false},"excerpt":{"rendered":"<p style=\"text-align: justify;\">La jornada desarrollada el pasado s\u00e1bado 14 de agosto con el prop\u00f3sito de recolectar algunos recursos en favor del Centro de Bienestar del Anciano dej\u00f3 un balance m\u00e1s que positivo.<\/p>\n","protected":false},"author":1,"featured_media":0,"comment_status":"open","ping_status":"open","sticky":false,"template":"","format":"standard","meta":{"footnotes":""},"categories":[19],"tags":[],"class_list":["post-419","post","type-post","status-publish","format-standard","hentry","category-noticias"],"_links":{"self":[{"href":"https:\/\/www.desdegranada.com\/site\/index.php?rest_route=\/wp\/v2\/posts\/419","targetHints":{"allow":["GET"]}}],"collection":[{"href":"https:\/\/www.desdegranada.com\/site\/index.php?rest_route=\/wp\/v2\/posts"}],"about":[{"href":"https:\/\/www.desdegranada.com\/site\/index.php?rest_route=\/wp\/v2\/types\/post"}],"author":[{"embeddable":true,"href":"https:\/\/www.desdegranada.com\/site\/index.php?rest_route=\/wp\/v2\/users\/1"}],"replies":[{"embeddable":true,"href":"https:\/\/www.desdegranada.com\/site\/index.php?rest_route=%2Fwp%2Fv2%2Fcomments&post=419"}],"version-history":[{"count":0,"href":"https:\/\/www.desdegranada.com\/site\/index.php?rest_route=\/wp\/v2\/posts\/419\/revisions"}],"wp:attachment":[{"href":"https:\/\/www.desdegranada.com\/site\/index.php?rest_route=%2Fwp%2Fv2%2Fmedia&parent=419"}],"wp:term":[{"taxonomy":"category","embeddable":true,"href":"https:\/\/www.desdegranada.com\/site\/index.php?rest_route=%2Fwp%2Fv2%2Fcategories&post=419"},{"taxonomy":"post_tag","embeddable":true,"href":"https:\/\/www.desdegranada.com\/site\/index.php?rest_route=%2Fwp%2Fv2%2Ftags&post=419"}],"curies":[{"name":"wp","href":"https:\/\/api.w.org\/{rel}","templated":true}]}}