{"id":420,"date":"2021-08-19T19:45:51","date_gmt":"2021-08-19T19:45:51","guid":{"rendered":"https:\/\/www.desdegranada.com\/site\/?p=420"},"modified":"2021-08-19T19:45:51","modified_gmt":"2021-08-19T19:45:51","slug":"final-del-festival-de-la-trova-ciudad-de-medellin-tendra-sabor-granadino-por-partida-doble","status":"publish","type":"post","link":"https:\/\/www.desdegranada.com\/site\/?p=420","title":{"rendered":"Final del Festival de la Trova Ciudad de Medell\u00edn tendr\u00e1 sabor granadino por partida doble"},"content":{"rendered":"<p style=\"text-align: justify;\">Y es que luego de la destacada presentaci\u00f3n que tuvieron Pichingo y Corozo, los dos repentistas m\u00e1s importantes surgidos en nuestro municipio, en la fase semifinal, este viernes 20 de agosto en horas de la noche, los dos granadinos buscar\u00e1n, con sus versos improvisados, convertirse en rey nacional del que es el festival de trova m\u00e1s importante del pa\u00eds.<\/p>\n<p style=\"text-align: justify;\">Pichingo y Corozo se ganaron su cupo en la gran final luego de quedar como Rey y Pr\u00edncipe respectivamente en las semifinales que tuvieron lugar el viernes 13 de agosto, y ahora luchar\u00e1n, junto a los dem\u00e1s trovadores clasificados, por hacerse con la corona de dicho certamen.<\/p>\n","protected":false},"excerpt":{"rendered":"<p style=\"text-align: justify;\">Si en a\u00f1os anteriores los granadinos nos hemos disfrutado al m\u00e1ximo el Festival de la Trova Ciudad de Medell\u00edn, este a\u00f1o lo disfrutaremos el doble con la presencia de Diego Alexander G\u00f3mez y Marco Aurelio Giraldo en la gran final.<\/p>\n","protected":false},"author":1,"featured_media":0,"comment_status":"open","ping_status":"open","sticky":false,"template":"","format":"standard","meta":{"footnotes":""},"categories":[19],"tags":[],"class_list":["post-420","post","type-post","status-publish","format-standard","hentry","category-noticias"],"_links":{"self":[{"href":"https:\/\/www.desdegranada.com\/site\/index.php?rest_route=\/wp\/v2\/posts\/420","targetHints":{"allow":["GET"]}}],"collection":[{"href":"https:\/\/www.desdegranada.com\/site\/index.php?rest_route=\/wp\/v2\/posts"}],"about":[{"href":"https:\/\/www.desdegranada.com\/site\/index.php?rest_route=\/wp\/v2\/types\/post"}],"author":[{"embeddable":true,"href":"https:\/\/www.desdegranada.com\/site\/index.php?rest_route=\/wp\/v2\/users\/1"}],"replies":[{"embeddable":true,"href":"https:\/\/www.desdegranada.com\/site\/index.php?rest_route=%2Fwp%2Fv2%2Fcomments&post=420"}],"version-history":[{"count":0,"href":"https:\/\/www.desdegranada.com\/site\/index.php?rest_route=\/wp\/v2\/posts\/420\/revisions"}],"wp:attachment":[{"href":"https:\/\/www.desdegranada.com\/site\/index.php?rest_route=%2Fwp%2Fv2%2Fmedia&parent=420"}],"wp:term":[{"taxonomy":"category","embeddable":true,"href":"https:\/\/www.desdegranada.com\/site\/index.php?rest_route=%2Fwp%2Fv2%2Fcategories&post=420"},{"taxonomy":"post_tag","embeddable":true,"href":"https:\/\/www.desdegranada.com\/site\/index.php?rest_route=%2Fwp%2Fv2%2Ftags&post=420"}],"curies":[{"name":"wp","href":"https:\/\/api.w.org\/{rel}","templated":true}]}}