{"id":421,"date":"2021-08-23T16:23:09","date_gmt":"2021-08-23T16:23:09","guid":{"rendered":"https:\/\/www.desdegranada.com\/site\/?p=421"},"modified":"2021-08-23T16:23:09","modified_gmt":"2021-08-23T16:23:09","slug":"ahora-es-una-silla-de-ruedas","status":"publish","type":"post","link":"https:\/\/www.desdegranada.com\/site\/?p=421","title":{"rendered":"Ahora es una silla de ruedas"},"content":{"rendered":"<p style=\"text-align: justify;\"><img loading=\"lazy\" decoding=\"async\" src=\"images\/Ahora_es_una_silla_de_ruedas_2.jpg\" alt=\"\" width=\"750\" height=\"439\" \/><\/p>\n<p style=\"text-align: justify;\">Para saber cu\u00e1l es la casa de Javiercito, lo primero que encontramos, despu\u00e9s de internarnos en la vereda La Mar\u00eda, del municipio de Granada, Antioquia, es una cruz elaborada en cemento que reza: <em>Ramon Pompili<\/em>, <em>d<\/em><em>iciembre 1994<\/em>. A partir de ah\u00ed hay seis estacones clavados \u2500a estos los unen cinco cuerdas de alambre de p\u00faa, sim\u00e9tricamente repartidas de abajo hacia arriba\u2500 y el \u00faltimo (hecho en guadua) tiene tres orificios para pasar igual n\u00famero de trancas, elaboradas de la misma guadua, recibidas por un estac\u00f3n similar a los anteriores, instalado al lado izquierdo, con otros tres huecos que demuestran ser la puerta. Estas guaduas se deslizan hacia la derecha para ingresar al patio de barro de la humilde vivienda. Despu\u00e9s de cruzar este patio, quince pasos, voltear a la derecha, ocho pasos m\u00e1s, de nuevo a la derecha, al fondo, sobre un corredor de cemento de dos metros de ancho, vemos la silla de ruedas que le prestaron en la parroquia al ni\u00f1o que en sus a\u00f1os de gloria no ten\u00eda rival en las competencias cicl\u00edsticas.<\/p>\n<p style=\"text-align: justify;\"><img loading=\"lazy\" decoding=\"async\" src=\"images\/Ahora_es_una_silla_de_ruedas_1.jpg\" alt=\"\" width=\"750\" height=\"439\" \/><\/p>\n<p style=\"text-align: justify;\">En una de las visitas que he hecho a esta casa, le vi a Javiercito la herida en los pies, a la altura del tobillo, y \u00e9l me dijo que se lastima con esa silla. Y Oliva, su madre, tambi\u00e9n agreg\u00f3: \u201c\u00c9l se maltrata mucho el piecito ah\u00ed, porque a las personas que tienen c\u00e1ncer se les vuelve muy sensible la piel y, como la silla tambi\u00e9n es muy alta, con solo que lo sobe esa varillita que lleva ah\u00ed abajo, lo rompe\u201d.<\/p>\n<p style=\"text-align: justify;\">\u201cTambi\u00e9n \u2500continu\u00f3 Oliva\u2500, como es a m\u00ed a la que me toca lidiar con mi hijo, \u00e9l es loco que lo llevemos\u2026\u201d \u2500en ese instante ella me hizo se\u00f1as que nos retir\u00e1ramos del lado del ni\u00f1o y caminamos juntos hasta la calle, nos sentamos al pie de la cuneta, y ella me sigui\u00f3 narrando con m\u00e1s tranquilidad los inconvenientes de esa silla y otros asuntos que no son buenos para los o\u00eddos de Javiercito\u2500.<\/p>\n<p style=\"text-align: justify;\">\u201cVea pues le cuento, imag\u00ednese que esa silla es tan inc\u00f3moda para este muchachito que le coloc\u00e1bamos un neum\u00e1tico inflado para que le quedara la herida volando, porque tiene un hueco aqu\u00ed atr\u00e1s \u2500y ella mostr\u00f3 el coxis\u2500 y as\u00ed no se lastimara. Aunque unas enfermeras que vinieron a atenderlo de la cl\u00ednica de heridas del hospital San Vicente de Rionegro le trajeron unas bolsas de agua, que maltratan un poco menos, para reemplazar el neum\u00e1tico\u201d.<\/p>\n<p style=\"text-align: justify;\">\u201cYa ellas se pusieron los guantes, cogieron jab\u00f3n, le empezaron a lavar las heridas y, cuando le estaban limpiando los pies \u2500donde se lastima con la silla\u2500, el ni\u00f1o se los alcanz\u00f3 a ver (porque antes, por lo hinchado que estaba, no hab\u00eda visto esas llagas) y ah\u00ed mismo dijo: \u2018\u00a1Me est\u00e1 saliendo sangre, no, no, no! \u00a1No me hagan m\u00e1s! \u00a1Ay como tengo mi piecito! Es que vea, me est\u00e1 chorriando sangre\u2019; se lamentaba mi muchacho. Y yo le dije, mijito, ellas saben lo que tienen que hacer. \u00a1Ay no, qu\u00e9 pesar! \u00a1Me dio una tristeza!\u201d.<\/p>\n<p style=\"text-align: justify;\"><img loading=\"lazy\" decoding=\"async\" src=\"images\/Ahora_es_una_silla_de_ruedas_PORTADA.jpg\" alt=\"\" width=\"750\" height=\"439\" \/><\/p>\n<p style=\"text-align: justify;\">\u201cComo le estaba contando, \u00e9l es loco que lo llevemos por ah\u00ed pa\u2019bajo, que lo llevemos pa donde mam\u00e1 \u2500la abuelita\u2500, que lo saquemos a la calle, que lo lleve pa la Variante, que lo saque de aqu\u00ed p\u2019arriba\u2026 No, yo no soy capaz con esa silla tan pesada. A m\u00ed me da mucha dificultad. No puedo. De pronto se me aporrea, y es peor. Y en moto carro, eso es tan estrechito para subirlo y bajarlo que se lastima. El ni\u00f1o no aguanta\u201d.<\/p>\n<p style=\"text-align: justify;\">\u201cUna muchacha tiene una silla que no s\u00e9 si es el\u00e9ctrica o de control o es que tiene alguna palanca o qu\u00e9, yo no s\u00e9; lo cierto es que ella la maneja sola. Entonces le pregunt\u00e9 y me cont\u00f3 que hace como dos a\u00f1os se la regalaron y disque hab\u00eda valido como seis millones y yo le dije: \u00a1Ay!, Dios m\u00edo bendito, y yo de d\u00f3nde voy a sacar ese platal. Con qu\u00e9 le va a conseguir uno eso\u201d.<\/p>\n<p style=\"text-align: justify;\">\u201cDe all\u00ed del municipio de El Santuario, un muchacho (Diego Alejandro Giraldo G\u00f3mez) que ley\u00f3 la cr\u00f3nica \u2500arriba mencionada\u2500, me llam\u00f3 y me dijo que quer\u00eda distinguir al ni\u00f1o. \u00c9l vino ese domingo y a los ocho d\u00edas lo visit\u00f3 otra vez, y ayer volvi\u00f3 a venir y me coment\u00f3 que \u00e9l hab\u00eda estado mirando lo de las sillas, pero, que por qu\u00e9 no pon\u00eda\u2026, \u00bfc\u00f3mo fue que me dijo? Bueno, como por decir algo, que recoger pa comprarla. O que por qu\u00e9 no hablaba con gente distinguida que tuviera, por decirlo as\u00ed, como buenas palancas para conseguirla, que porque de verdad el ni\u00f1o sufr\u00eda mucho ah\u00ed y que era una tortura pasarlo de la cama a esa silla. \u00c9l vio c\u00f3mo gritaba mi hijo cuando lo est\u00e1bamos pasando\u201d.<\/p>\n<p style=\"text-align: justify;\">\u201cY dije, la verdad, yo no s\u00e9, que sea lo que Dios quiera y entonces \u00e9l volvi\u00f3 y dijo que pod\u00eda ser entre varias personas que tengan como modito y que colaboren, que eso se consigue f\u00e1cil. Si quiere hable con la gente de por aqu\u00ed y pues yo tambi\u00e9n voy a hablar con la gente de por all\u00e1. Personas distinguidas. O sea, el muchacho no parece como de modo, pero s\u00ed es como buena gente. Vamos a ver. Ah\u00ed miramos a ver. \u00c9l estuvo con el ni\u00f1o, charlando un rato y mostr\u00e1ndole las sillas en el celular; entonces mi hijo le mostraba que s\u00ed, que una de esas que es que vea uno no es capaz con esta sin poderla manejar\u201d.<\/p>\n<p style=\"text-align: justify;\"><img loading=\"lazy\" decoding=\"async\" src=\"images\/Ahora_es_una_silla_de_ruedas_3.jpg\" alt=\"\" width=\"750\" height=\"439\" \/><\/p>\n<p style=\"text-align: justify;\">\u00bfQu\u00e9 tanto le puede ayudar para una mejor calidad de vida con otra silla?, le pregunt\u00e9.<\/p>\n<p style=\"text-align: justify;\">\u201cPor decir algo, con una silla m\u00e1s c\u00f3moda, al ni\u00f1o lo puedo sacar m\u00e1s f\u00e1cil, ya puedo bajarlo donde mam\u00e1. Es que todos los d\u00edas \u2500porque \u00e9l se me desespera\u2500, me pide que ll\u00e9veme un ratico p\u2019abajo y yo, no, en ese aparato no me comprometo. Entonces con una silla que pueda manejar \u00e9l mismo yo lo puedo acompa\u00f1ar y v\u00e1monos de aqu\u00ed p\u2019arriba a lograr un solecito\u2026<\/p>\n<p style=\"text-align: justify;\">\u201cUno es consciente de que la enfermedad es terminal, que en un momento o en otro \u00e9l se puede quedar. Como el dicho, eso no lo sabe sino Dios. Uno est\u00e1 preparado. Eso es una realidad, pero lo que le falte ya sea un mes, un a\u00f1o o lo que sea, que no sufra tanto y que \u00e9l diga, vea, v\u00e1monos p\u2019onde mamita y yo lo suba a la sillita y vamos\u201d.<\/p>\n<p style=\"text-align: justify;\">Comprobar la necesidad de esta familia es muy f\u00e1cil: con solo ir, deslizar las tres trancas de guadua y pasar el piso de barro, de frente, ah\u00ed en la inc\u00f3moda silla (si no est\u00e1 en la cama) podr\u00e1n encontrar a Javiercito sin que se pueda mover de ese peque\u00f1o corredor.\u00a0<\/p>\n<p style=\"text-align: justify;\">As\u00ed como la visita de Nairo a este ni\u00f1o granadino para su madre parec\u00eda un imposible, espero que el tr\u00e1mite para la silla tambi\u00e9n sea una meta alcanzable. Mejor\u00e9mosle la calidad de vida a este campe\u00f3n y a su familia con la ayuda de todos.<\/p>\n<p style=\"text-align: justify;\">\u00a0<\/p>\n<p style=\"text-align: justify;\">Quienes quieran sumarse a esta iniciativa, contactarse v\u00eda\u00a0facebook con\u00a0<a href=\"https:\/\/www.facebook.com\/hugo.tamayogomez\">Hugo de Jes\u00fas Tamayo G\u00f3mez<\/a>\u00a0o correo electr\u00f3nico <a href=\"mailto:hugotamayogomez@gmail.com\">hugotamayogomez@gmail.com<\/a>.<\/p>\n<p>\u00a0<\/p>\n<p>\u00a0<\/p>\n","protected":false},"excerpt":{"rendered":"<p style=\"text-align: justify;\">\u00a0<strong>Por: <\/strong><em>Hugo de Jes\u00fas Tamayo G\u00f3mez<\/em><\/p>\n<p style=\"text-align: justify;\">Desde el momento en que lleg\u00f3 a o\u00eddos de Nairo Quintana la historia de Javiercito (<a href=\"actualidad\/item\/350-de-pronto-manana-sea-tarde\">http:\/\/www.desdegranada.com\/actualidad\/item\/350-de-pronto-manana-sea-tarde<\/a>) y, por medio de esta, se enterara del sue\u00f1o del ni\u00f1o, el campe\u00f3n del Giro de Italia de 2014, no dud\u00f3 en ponerse en contacto, por medio de Luisa R\u00edos, su manager, para tratar de cumplir con la labor humanitaria que parec\u00eda un imposible para esa familia. Ya, logrado este sue\u00f1o, quedan otros pelda\u00f1os por conquistar para ayudarle a este paciente a llevar una mejor calidad de vida, de modo que lo poco que queda de ella sea menos traum\u00e1tica para \u00e9l y los suyos. Lo que se requiere en este caso es una silla de ruedas que se adapte a las caracter\u00edsticas y condiciones en que se encuentra el ni\u00f1o.<\/p>\n","protected":false},"author":1,"featured_media":0,"comment_status":"open","ping_status":"open","sticky":false,"template":"","format":"standard","meta":{"footnotes":""},"categories":[20],"tags":[],"class_list":["post-421","post","type-post","status-publish","format-standard","hentry","category-columnistas"],"_links":{"self":[{"href":"https:\/\/www.desdegranada.com\/site\/index.php?rest_route=\/wp\/v2\/posts\/421","targetHints":{"allow":["GET"]}}],"collection":[{"href":"https:\/\/www.desdegranada.com\/site\/index.php?rest_route=\/wp\/v2\/posts"}],"about":[{"href":"https:\/\/www.desdegranada.com\/site\/index.php?rest_route=\/wp\/v2\/types\/post"}],"author":[{"embeddable":true,"href":"https:\/\/www.desdegranada.com\/site\/index.php?rest_route=\/wp\/v2\/users\/1"}],"replies":[{"embeddable":true,"href":"https:\/\/www.desdegranada.com\/site\/index.php?rest_route=%2Fwp%2Fv2%2Fcomments&post=421"}],"version-history":[{"count":0,"href":"https:\/\/www.desdegranada.com\/site\/index.php?rest_route=\/wp\/v2\/posts\/421\/revisions"}],"wp:attachment":[{"href":"https:\/\/www.desdegranada.com\/site\/index.php?rest_route=%2Fwp%2Fv2%2Fmedia&parent=421"}],"wp:term":[{"taxonomy":"category","embeddable":true,"href":"https:\/\/www.desdegranada.com\/site\/index.php?rest_route=%2Fwp%2Fv2%2Fcategories&post=421"},{"taxonomy":"post_tag","embeddable":true,"href":"https:\/\/www.desdegranada.com\/site\/index.php?rest_route=%2Fwp%2Fv2%2Ftags&post=421"}],"curies":[{"name":"wp","href":"https:\/\/api.w.org\/{rel}","templated":true}]}}