{"id":423,"date":"2021-08-28T23:11:30","date_gmt":"2021-08-28T23:11:30","guid":{"rendered":"https:\/\/www.desdegranada.com\/site\/?p=423"},"modified":"2021-08-28T23:11:30","modified_gmt":"2021-08-28T23:11:30","slug":"pavimentacion-via-granada-san-carlos-y-atencion-al-punto-critico-en-la-via-granada-autopista-temas-que-abordo-el-secretario-de-infraestructura-en-sesion-del-concejo-municipal","status":"publish","type":"post","link":"https:\/\/www.desdegranada.com\/site\/?p=423","title":{"rendered":"Pavimentaci\u00f3n v\u00eda Granada San Carlos y atenci\u00f3n al punto cr\u00edtico en la v\u00eda Granada \u2013 Autopista, temas que abord\u00f3 el Secretario de Infraestructura en sesi\u00f3n del concejo municipal"},"content":{"rendered":"","protected":false},"excerpt":{"rendered":"<p style=\"text-align: justify;\">Fotos: Diego Naranjo.<\/p>\n<p style=\"text-align: justify;\">El Secretario de Infraestructura F\u00edsica de Antioquia, Santiago Sierra, acompa\u00f1\u00f3 la sesi\u00f3n del concejo municipal de este viernes 27 de agosto y, en este espacio, resolvi\u00f3 las inquietudes de concejales y comunidades sobre las afectaciones y la necesidad de intervenir las v\u00edas que conectan a Granada con la Autopista y San Carlos, adem\u00e1s de los avances en el proyecto de pavimentaci\u00f3n de esta \u00faltima.<\/p>\n<p style=\"text-align: justify;\">Luego de hacer el recorrido entre la Autopista y el municipio y comprobar por s\u00ed mismo las los da\u00f1os que se presentan a lo largo del trayecto y las dificultades que estos representan para la circulaci\u00f3n de veh\u00edculos, el secretario se refiri\u00f3 a cada situaci\u00f3n de manera detallada.<\/p>\n<p style=\"text-align: justify;\">Sobre el punto cr\u00edtico cerca al Alto del Palmar, el secretario anunci\u00f3 que pr\u00f3ximamente se estar\u00e1n iniciando trabajos para mejorar este paso de manera definitiva y que la obra constar\u00e1 de \u201cun muro en pilas que tiene un costo de mil seiscientos millones de pesos. Con eso, creemos, atacamos el problema de ra\u00edz, solucionamos los problemas de estabilidad y tendremos que revisar la soluci\u00f3n del talud superior. Para este \u00faltimo trimestre deber\u00edamos tener la intervenci\u00f3n sobre la v\u00eda Granada &#8211; Autopista\u201d.<\/p>\n<p style=\"text-align: justify;\"><img decoding=\"async\" src=\"images\/Secretario_infraestructura_Concejo.jpg\" alt=\"\" \/><\/p>\n<p style=\"text-align: justify;\">Otro de los interrogantes estaba relacionado con el incumplimiento de la firma San Vicente Hidor en las obras de pavimentaci\u00f3n entre Granada y San Carlos. Al respecto, Sierra dijo que \u201cel consorcio manifest\u00f3 una intenci\u00f3n de un arreglo v\u00eda transacci\u00f3n\u201d y que la Gobernaci\u00f3n cumplir\u00e1 con el asfaltado del tramo faltante.<\/p>\n<p style=\"text-align: justify;\">En relaci\u00f3n a los cerca de 10 kil\u00f3metros que restan para pavimentar la v\u00eda Granada \u2013 San Carlos en su totalidad, el funcionario explic\u00f3: \u201cnosotros terminamos los estudios y dise\u00f1os t\u00e9cnicos m\u00e1s o menos en el mes de abril. Ven\u00edamos haci\u00e9ndole unas observaciones al contratista de dise\u00f1os, las presentamos para ser financiados a trav\u00e9s del OCAD regional, un valor cercano a los 33 mil millones de pesos, el OCAD regional nos lo devolvi\u00f3 con unas observaciones que ya estamos corrigiendo para, m\u00e1s o menos en un mes, por las regal\u00edas regionales tener ya el proyecto en proceso de celebraci\u00f3n de contrato de obra\u201d.<\/p>\n<p style=\"text-align: justify;\">Y por \u00faltimo, pero no menos importante, Santiago Sierra hizo referencia a la intervenci\u00f3n de la infraestructura de la casa de la cultura Ram\u00f3n Eduardo Duque. \u201cCon la casa de la cultura tenemos la meta de financiar cerca de 670 millones de pesos, pero estamos haciendo unos ajustes en los estudios y dise\u00f1os t\u00e9cnicos que consideramos determinantes para garantizar la estabilidad de la obra\u201d.<\/p>\n","protected":false},"author":1,"featured_media":0,"comment_status":"open","ping_status":"open","sticky":false,"template":"","format":"standard","meta":{"footnotes":""},"categories":[19],"tags":[],"class_list":["post-423","post","type-post","status-publish","format-standard","hentry","category-noticias"],"_links":{"self":[{"href":"https:\/\/www.desdegranada.com\/site\/index.php?rest_route=\/wp\/v2\/posts\/423","targetHints":{"allow":["GET"]}}],"collection":[{"href":"https:\/\/www.desdegranada.com\/site\/index.php?rest_route=\/wp\/v2\/posts"}],"about":[{"href":"https:\/\/www.desdegranada.com\/site\/index.php?rest_route=\/wp\/v2\/types\/post"}],"author":[{"embeddable":true,"href":"https:\/\/www.desdegranada.com\/site\/index.php?rest_route=\/wp\/v2\/users\/1"}],"replies":[{"embeddable":true,"href":"https:\/\/www.desdegranada.com\/site\/index.php?rest_route=%2Fwp%2Fv2%2Fcomments&post=423"}],"version-history":[{"count":0,"href":"https:\/\/www.desdegranada.com\/site\/index.php?rest_route=\/wp\/v2\/posts\/423\/revisions"}],"wp:attachment":[{"href":"https:\/\/www.desdegranada.com\/site\/index.php?rest_route=%2Fwp%2Fv2%2Fmedia&parent=423"}],"wp:term":[{"taxonomy":"category","embeddable":true,"href":"https:\/\/www.desdegranada.com\/site\/index.php?rest_route=%2Fwp%2Fv2%2Fcategories&post=423"},{"taxonomy":"post_tag","embeddable":true,"href":"https:\/\/www.desdegranada.com\/site\/index.php?rest_route=%2Fwp%2Fv2%2Ftags&post=423"}],"curies":[{"name":"wp","href":"https:\/\/api.w.org\/{rel}","templated":true}]}}