{"id":424,"date":"2021-08-30T20:39:27","date_gmt":"2021-08-30T20:39:27","guid":{"rendered":"https:\/\/www.desdegranada.com\/site\/?p=424"},"modified":"2021-08-30T20:39:27","modified_gmt":"2021-08-30T20:39:27","slug":"memorias-de-la-ausencia","status":"publish","type":"post","link":"https:\/\/www.desdegranada.com\/site\/?p=424","title":{"rendered":"MEMORIAS DE LA AUSENCIA"},"content":{"rendered":"<p style=\"text-align: justify;\">La ausencia por otro lado podemos expresarla como un vac\u00edo, como el espacio que se deja en un lugar, la falta de algo o de alguien. La ausencia es separaci\u00f3n, es lejan\u00eda, es la distancia que limita un di\u00e1logo, un encuentro, un abrazo.<\/p>\n<p style=\"text-align: justify;\">De manera conjunta memorias de la ausencia se puede definir como la evocaci\u00f3n de los recuerdos de nuestros seres queridos. El padre, la madre, el hijo, el hermano, el abuelo que fueron arrebatados de nuestro lado, arrancados de nuestras familias sin motivo y sin raz\u00f3n. Es el retrato mental de aquellos que nos entregaron parte de su vida, que compartieron con nosotros su tiempo, que nos entregaron su amistad, compa\u00f1\u00eda y que, sin causa alguna, fueron retenidos forzadamente, desaparecidos y\/o asesinados.<\/p>\n<p style=\"text-align: justify;\">El recuerdo es lo que los mantiene vivos en nuestros corazones, la memoria es lo que nos permite que no se borre su imagen de nuestra mente, pero esa misma memoria es la que nos hace desear no revivir el dolor que padecieron y la tristeza de que ya no est\u00e9n aqu\u00ed.<\/p>\n<p style=\"text-align: justify;\">Memorias de la ausencia es un proyecto que le apuesta a generar sensibilidad en la institucionalidad y la sociedad en general frente a la desaparici\u00f3n forzada. Surge a partir de una investigaci\u00f3n realizada por la antrop\u00f3loga Andrea Romero y busca ayudar a la documentaci\u00f3n de los casos de desaparici\u00f3n, ser esperanza y compa\u00f1\u00eda en el dif\u00edcil recorrido de las familias durante la b\u00fasqueda de su ser querido, aportar piezas al rompecabezas que representa la b\u00fasqueda de la verdad.<\/p>\n<p style=\"text-align: justify;\">Solo nombres sin cuerpo se hayan hoy en este universo de desaparecidos, recuerdos que perduran en el tiempo y que cuidan del olvido a nuestros seres queridos, porque nada justifica la desaparici\u00f3n de una persona.<\/p>\n<p style=\"text-align: justify;\">El desaparecido no falta solo en su familia, falta en su grupo de amigos, falta en el colegio o la universidad, en su oficina o en el campo, falta en la sociedad. Con el desaparecido se llevaron sue\u00f1os, ideales, prop\u00f3sitos\u2026 El desaparecido es parte de nosotros, nos debe doler a todos, nos debe importar a todos. La b\u00fasqueda nos pertenece a todos.<\/p>\n<p style=\"text-align: justify;\">\u00a0<\/p>\n<p style=\"text-align: justify;\">Gloria Quintero.<\/p>\n","protected":false},"excerpt":{"rendered":"<p style=\"text-align: justify;\">La memoria son instantes, momentos, fracciones de nuestra vida que guardamos, algunos que queremos conservar, que nos resistimos a olvidar porque son importantes, porque nos transportan a un lugar, a vivir un momento especial. Sin embargo hay otros recuerdos que queremos evitar, que quisi\u00e9ramos olvidar, momentos que desear\u00edamos borrar de nuestra historia, de nuestra mente, de cada rinc\u00f3n, porque nos duelen, porque nos generan tristeza, nostalgia, desconsuelo\u2026<\/p>\n","protected":false},"author":1,"featured_media":0,"comment_status":"open","ping_status":"open","sticky":false,"template":"","format":"standard","meta":{"footnotes":""},"categories":[20],"tags":[],"class_list":["post-424","post","type-post","status-publish","format-standard","hentry","category-columnistas"],"_links":{"self":[{"href":"https:\/\/www.desdegranada.com\/site\/index.php?rest_route=\/wp\/v2\/posts\/424","targetHints":{"allow":["GET"]}}],"collection":[{"href":"https:\/\/www.desdegranada.com\/site\/index.php?rest_route=\/wp\/v2\/posts"}],"about":[{"href":"https:\/\/www.desdegranada.com\/site\/index.php?rest_route=\/wp\/v2\/types\/post"}],"author":[{"embeddable":true,"href":"https:\/\/www.desdegranada.com\/site\/index.php?rest_route=\/wp\/v2\/users\/1"}],"replies":[{"embeddable":true,"href":"https:\/\/www.desdegranada.com\/site\/index.php?rest_route=%2Fwp%2Fv2%2Fcomments&post=424"}],"version-history":[{"count":0,"href":"https:\/\/www.desdegranada.com\/site\/index.php?rest_route=\/wp\/v2\/posts\/424\/revisions"}],"wp:attachment":[{"href":"https:\/\/www.desdegranada.com\/site\/index.php?rest_route=%2Fwp%2Fv2%2Fmedia&parent=424"}],"wp:term":[{"taxonomy":"category","embeddable":true,"href":"https:\/\/www.desdegranada.com\/site\/index.php?rest_route=%2Fwp%2Fv2%2Fcategories&post=424"},{"taxonomy":"post_tag","embeddable":true,"href":"https:\/\/www.desdegranada.com\/site\/index.php?rest_route=%2Fwp%2Fv2%2Ftags&post=424"}],"curies":[{"name":"wp","href":"https:\/\/api.w.org\/{rel}","templated":true}]}}