{"id":425,"date":"2021-09-02T23:58:44","date_gmt":"2021-09-02T23:58:44","guid":{"rendered":"https:\/\/www.desdegranada.com\/site\/?p=425"},"modified":"2021-09-02T23:58:44","modified_gmt":"2021-09-02T23:58:44","slug":"ya-los-carros-pasan-es-arriesgandose-esto-ya-cedio-yineth-duque-sobre-hundimiento-de-la-banca-cerca-a-la-escuela-de-la-paz","status":"publish","type":"post","link":"https:\/\/www.desdegranada.com\/site\/?p=425","title":{"rendered":"\u201cYa los carros pasan es arriesg\u00e1ndose, esto ya cedi\u00f3\u201d: Yineth Duque sobre hundimiento de la banca cerca a la escuela de La Paz."},"content":{"rendered":"<p style=\"text-align: justify;\">El jueves 2 de septiembre los vecinos de la vereda La Paz se percataron de como uno de los puntos cr\u00edticos de la v\u00eda se empeoraba, dificultando a\u00fan m\u00e1s el tr\u00e1nsito de veh\u00edculos. Una familia del sector se acerc\u00f3 al punto para indicar a los conductores que deb\u00edan pasar con cuidado: \u201cQueremos evitar una tragedia, vemos que el paso est\u00e1 a punto de ceder por completo. \u00a0Ya los carros pasan es arriesg\u00e1ndose, esto ya cedi\u00f3.\u201d<\/p>\n<p style=\"text-align: justify;\"><img loading=\"lazy\" decoding=\"async\" src=\"images\/Hundimiento_La_Paz_1.jpg\" alt=\"\" width=\"750\" height=\"439\" \/><\/p>\n<p style=\"text-align: justify;\">Con cada \u00e9poca de invierno que pasa, los da\u00f1os se hacen m\u00e1s y m\u00e1s grandes y las intervenciones son solo \u2018pa\u00f1os de agua tibia\u2019. El punto est\u00e1 ubicado sobre el kil\u00f3metro 7, cerca de la escuela de la vereda La Paz, en donde adem\u00e1s del hundimiento de la v\u00eda, las aguas siguen socavando.<\/p>\n<p style=\"text-align: justify;\">El llamado de conductores y vecinos del sector es uno solo: Es necesaria una intervenci\u00f3n urgente.<\/p>\n<p style=\"text-align: justify;\"><img loading=\"lazy\" decoding=\"async\" src=\"images\/Hundimiento_La_Paz_2.jpg\" alt=\"\" width=\"750\" height=\"439\" \/><\/p>\n<p style=\"text-align: justify;\">Los veh\u00edculos que transitan no solo hacia Granada, sino tambi\u00e9n hacia Cocorn\u00e1, San Carlos y San Luis, corren el riesgo de sufrir un accidente, pues para pasar por este punto, deben adentrarse en la poca vegetaci\u00f3n presente en un lado de la v\u00eda, que tambi\u00e9n se est\u00e1 hundiendo.<\/p>\n","protected":false},"excerpt":{"rendered":"<p style=\"text-align: justify;\">Al punto cr\u00edtico que se presenta en la v\u00eda Granada \u2013 Autopista, cerca al Alto del Palmar, y el deterioro general de la malla vial en todo este corredor, se han venido sumando los hundimientos de banca y p\u00e9rdida de parte de la calzada en varios sectores debido a la temporada de lluvias.<\/p>\n","protected":false},"author":1,"featured_media":0,"comment_status":"open","ping_status":"open","sticky":false,"template":"","format":"standard","meta":{"footnotes":""},"categories":[19],"tags":[],"class_list":["post-425","post","type-post","status-publish","format-standard","hentry","category-noticias"],"_links":{"self":[{"href":"https:\/\/www.desdegranada.com\/site\/index.php?rest_route=\/wp\/v2\/posts\/425","targetHints":{"allow":["GET"]}}],"collection":[{"href":"https:\/\/www.desdegranada.com\/site\/index.php?rest_route=\/wp\/v2\/posts"}],"about":[{"href":"https:\/\/www.desdegranada.com\/site\/index.php?rest_route=\/wp\/v2\/types\/post"}],"author":[{"embeddable":true,"href":"https:\/\/www.desdegranada.com\/site\/index.php?rest_route=\/wp\/v2\/users\/1"}],"replies":[{"embeddable":true,"href":"https:\/\/www.desdegranada.com\/site\/index.php?rest_route=%2Fwp%2Fv2%2Fcomments&post=425"}],"version-history":[{"count":0,"href":"https:\/\/www.desdegranada.com\/site\/index.php?rest_route=\/wp\/v2\/posts\/425\/revisions"}],"wp:attachment":[{"href":"https:\/\/www.desdegranada.com\/site\/index.php?rest_route=%2Fwp%2Fv2%2Fmedia&parent=425"}],"wp:term":[{"taxonomy":"category","embeddable":true,"href":"https:\/\/www.desdegranada.com\/site\/index.php?rest_route=%2Fwp%2Fv2%2Fcategories&post=425"},{"taxonomy":"post_tag","embeddable":true,"href":"https:\/\/www.desdegranada.com\/site\/index.php?rest_route=%2Fwp%2Fv2%2Ftags&post=425"}],"curies":[{"name":"wp","href":"https:\/\/api.w.org\/{rel}","templated":true}]}}