{"id":426,"date":"2021-09-06T19:47:50","date_gmt":"2021-09-06T19:47:50","guid":{"rendered":"https:\/\/www.desdegranada.com\/site\/?p=426"},"modified":"2021-09-06T19:47:50","modified_gmt":"2021-09-06T19:47:50","slug":"victimas-de-granada-elegiran-representantes-de-la-mesa-municipal-periodo-2021-2023","status":"publish","type":"post","link":"https:\/\/www.desdegranada.com\/site\/?p=426","title":{"rendered":"V\u00edctimas de Granada elegir\u00e1n representantes de la mesa municipal per\u00edodo 2021 &#8211; 2023"},"content":{"rendered":"<p style=\"text-align: justify;\">Entre 36 postulados, que hacen parte de procesos como Asovida, el comit\u00e9 de v\u00edctimas de Asoagricultores, Tejipaz y por el sujeto de reparaci\u00f3n colectiva, se elegir\u00e1n los 18 nuevos miembros de la mesa, que ser\u00e1 veedora del cumplimiento de la pol\u00edtica p\u00fablica de v\u00edctimas.<\/p>\n<p style=\"text-align: justify;\">La jornada de elecciones y posesi\u00f3n de la nueva mesa de v\u00edctimastendr\u00e1 lugar el s\u00e1bado 30 de octubre de este a\u00f1o y ejercer\u00e1 durante el per\u00edodo 2021 \u2013 2023. Quienes resulten electos, tendr\u00e1n la obligaci\u00f3n de seguir velando por que se garantice el goce efectivo de derechos de la poblaci\u00f3n v\u00edctima.<\/p>\n","protected":false},"excerpt":{"rendered":"<p style=\"text-align: justify;\">La mesa de participaci\u00f3n de v\u00edctimas es un mecanismo que nace con la ley 1448 de 2011 o Ley de v\u00edctimas, y busca visibilizar a quienes han padecido las diferentes formas del conflicto armado colombiano y hacerlos participes, junto a las organizaciones que los re\u00fane, de los diferentes espacios y proyectos destinados a esta poblaci\u00f3n.<\/p>\n","protected":false},"author":1,"featured_media":0,"comment_status":"open","ping_status":"open","sticky":false,"template":"","format":"standard","meta":{"footnotes":""},"categories":[19],"tags":[],"class_list":["post-426","post","type-post","status-publish","format-standard","hentry","category-noticias"],"_links":{"self":[{"href":"https:\/\/www.desdegranada.com\/site\/index.php?rest_route=\/wp\/v2\/posts\/426","targetHints":{"allow":["GET"]}}],"collection":[{"href":"https:\/\/www.desdegranada.com\/site\/index.php?rest_route=\/wp\/v2\/posts"}],"about":[{"href":"https:\/\/www.desdegranada.com\/site\/index.php?rest_route=\/wp\/v2\/types\/post"}],"author":[{"embeddable":true,"href":"https:\/\/www.desdegranada.com\/site\/index.php?rest_route=\/wp\/v2\/users\/1"}],"replies":[{"embeddable":true,"href":"https:\/\/www.desdegranada.com\/site\/index.php?rest_route=%2Fwp%2Fv2%2Fcomments&post=426"}],"version-history":[{"count":0,"href":"https:\/\/www.desdegranada.com\/site\/index.php?rest_route=\/wp\/v2\/posts\/426\/revisions"}],"wp:attachment":[{"href":"https:\/\/www.desdegranada.com\/site\/index.php?rest_route=%2Fwp%2Fv2%2Fmedia&parent=426"}],"wp:term":[{"taxonomy":"category","embeddable":true,"href":"https:\/\/www.desdegranada.com\/site\/index.php?rest_route=%2Fwp%2Fv2%2Fcategories&post=426"},{"taxonomy":"post_tag","embeddable":true,"href":"https:\/\/www.desdegranada.com\/site\/index.php?rest_route=%2Fwp%2Fv2%2Ftags&post=426"}],"curies":[{"name":"wp","href":"https:\/\/api.w.org\/{rel}","templated":true}]}}