{"id":427,"date":"2021-09-09T23:10:40","date_gmt":"2021-09-09T23:10:40","guid":{"rendered":"https:\/\/www.desdegranada.com\/site\/?p=427"},"modified":"2021-09-09T23:10:40","modified_gmt":"2021-09-09T23:10:40","slug":"desde-granada-defensoria-del-pueblo-conmemoro-dia-nacional-de-los-derechos-humanos","status":"publish","type":"post","link":"https:\/\/www.desdegranada.com\/site\/?p=427","title":{"rendered":"Desde Granada, Defensor\u00eda del Pueblo conmemor\u00f3 D\u00eda Nacional de los Derechos Humanos"},"content":{"rendered":"<p style=\"text-align: justify;\">Esas fueron las palabras del Defensor del Pueblo, Carlos Camargo, en su visita a Granada este 9 de septiembre para conmemorar el D\u00eda Nacional de los Derechos Humanos.<\/p>\n<p style=\"text-align: justify;\"><img loading=\"lazy\" decoding=\"async\" src=\"images\/Defensor_del_Pueblo_1.jpg\" alt=\"\" width=\"750\" height=\"439\" \/><\/p>\n<p style=\"text-align: justify;\">Luego de participar de una gu\u00eda por el Sal\u00f3n Del Nunca M\u00e1s, en la que conoci\u00f3 parte de la historia de la violencia en la localidad, Camargo se dirigi\u00f3 hacia el coliseo cubierto, donde en su intervenci\u00f3n dentro del acto protocolario, present\u00f3 el informe sobre la situaci\u00f3n de derechos de las personas en proceso de reincorporaci\u00f3n.<\/p>\n<p style=\"text-align: justify;\">\u201cTras cerca de cinco a\u00f1os de la firma del acuerdo de paz entre el Gobierno y las farc, reiteramos que nuestro compromiso con la paz es irretractable. Pong\u00e1monos la misma camiseta, la de un pa\u00eds que defiende la vida y acepta al otro en su diferencia. Un\u00e1monos en la defensa de los derechos humanos\u201d, dec\u00eda un aparte del discurso del Defensor del Pueblo.<\/p>\n<p style=\"text-align: justify;\">El alcalde Freddy Casta\u00f1o destac\u00f3 el trabajo de la Asociaci\u00f3n de V\u00edctimas y los comit\u00e9s de Justicia Transicional y de Paz, Reconciliaci\u00f3n y no repetici\u00f3n, a la vez que invit\u00f3 a no estigmatizar \u201ces un mensaje claro para toda la ciudadan\u00eda, para nuevamente renovar la esperanza y por sobre todo darle una nueva oportunidad a quienes nuevamente est\u00e1n dentro de la legalidad, que est\u00e1n comprometidos con todo el proceso de paz\u201d.<\/p>\n<p style=\"text-align: justify;\">Omar Dar\u00edo Garc\u00eda, personero municipal y garante de los derechos humanos en la localidad, resalt\u00f3 a Granada como ejemplo para el pa\u00eds, \u201ces ejemplo de resiliencia, de reconciliaci\u00f3n, de pujanza\u201d, dijo, a la vez que destac\u00f3 el quehacer de la personer\u00eda para garantizar el goce efectivo de derechos de toda la poblaci\u00f3n granadina \u201cla personer\u00eda municipal con el apoyo de la Procuradur\u00eda y de la Defensor\u00eda del Pueblo, hemos hecho una sinergia como ministerio p\u00fablico para que estos derechos se concreten en la poblaci\u00f3n m\u00e1s vulnerable del conflicto armado colombiano\u201d.<\/p>\n<p style=\"text-align: justify;\"><img loading=\"lazy\" decoding=\"async\" src=\"images\/Defensor_del_Pueblo_2.jpg\" alt=\"\" width=\"750\" height=\"439\" \/><\/p>\n<p style=\"text-align: justify;\">Finalmente, el Defensor del Pueblo design\u00f3 a nueve embajadores de la no estigmatizaci\u00f3n que tendr\u00e1n el compromiso de promover el respeto por los derechos humanos y la convivencia, adem\u00e1s de trabajar por la paz y la reconciliaci\u00f3n de cada uno de los territorios.<\/p>\n","protected":false},"excerpt":{"rendered":"<p style=\"text-align: justify;\">\u201cComo instituci\u00f3n nacional de derechos humanos, vinimos a honrar la memoria colectiva e hist\u00f3rica de todas esas personas que fueron v\u00edctimas de la violencia en el pasado, y hoy estamos entregando un mensaje de esperanza, de futuro, un mensaje de fortalecimiento del tejido social\u201d.<\/p>\n","protected":false},"author":1,"featured_media":0,"comment_status":"open","ping_status":"open","sticky":false,"template":"","format":"standard","meta":{"footnotes":""},"categories":[19],"tags":[],"class_list":["post-427","post","type-post","status-publish","format-standard","hentry","category-noticias"],"_links":{"self":[{"href":"https:\/\/www.desdegranada.com\/site\/index.php?rest_route=\/wp\/v2\/posts\/427","targetHints":{"allow":["GET"]}}],"collection":[{"href":"https:\/\/www.desdegranada.com\/site\/index.php?rest_route=\/wp\/v2\/posts"}],"about":[{"href":"https:\/\/www.desdegranada.com\/site\/index.php?rest_route=\/wp\/v2\/types\/post"}],"author":[{"embeddable":true,"href":"https:\/\/www.desdegranada.com\/site\/index.php?rest_route=\/wp\/v2\/users\/1"}],"replies":[{"embeddable":true,"href":"https:\/\/www.desdegranada.com\/site\/index.php?rest_route=%2Fwp%2Fv2%2Fcomments&post=427"}],"version-history":[{"count":0,"href":"https:\/\/www.desdegranada.com\/site\/index.php?rest_route=\/wp\/v2\/posts\/427\/revisions"}],"wp:attachment":[{"href":"https:\/\/www.desdegranada.com\/site\/index.php?rest_route=%2Fwp%2Fv2%2Fmedia&parent=427"}],"wp:term":[{"taxonomy":"category","embeddable":true,"href":"https:\/\/www.desdegranada.com\/site\/index.php?rest_route=%2Fwp%2Fv2%2Fcategories&post=427"},{"taxonomy":"post_tag","embeddable":true,"href":"https:\/\/www.desdegranada.com\/site\/index.php?rest_route=%2Fwp%2Fv2%2Ftags&post=427"}],"curies":[{"name":"wp","href":"https:\/\/api.w.org\/{rel}","templated":true}]}}