{"id":428,"date":"2021-09-10T20:41:01","date_gmt":"2021-09-10T20:41:01","guid":{"rendered":"https:\/\/www.desdegranada.com\/site\/?p=428"},"modified":"2021-09-10T20:41:01","modified_gmt":"2021-09-10T20:41:01","slug":"gerente-de-seguridad-vial-de-antioquia-limito-a-20-toneladas-el-transito-de-vehiculos-en-la-via-granada-autopista","status":"publish","type":"post","link":"https:\/\/www.desdegranada.com\/site\/?p=428","title":{"rendered":"\u00a0Gerente de Seguridad Vial de Antioquia limit\u00f3 a 20 toneladas el tr\u00e1nsito de veh\u00edculos en la v\u00eda Granada \u2013 Autopista"},"content":{"rendered":"<p style=\"text-align: justify;\">Desde la alcald\u00eda se inform\u00f3 en varios momentos que, por ser esta una v\u00eda secundaria, la medida deb\u00eda expedirse desde la Gobernaci\u00f3n y es as\u00ed como, a la espera de que se den las condiciones para llevar a cabo un trabajo de mantenimiento, el departamento, por medio de la Gerente de Seguridad Vial de Antioquia emiti\u00f3 el pasado jueves una resoluci\u00f3n \u201cpor medio de la cual se restringe el paso de veh\u00edculos de carga en la v\u00eda departamental 60AN16 denominada Autopista \u2013 El Ramal \u2013 Granada\u201d.<\/p>\n<p style=\"text-align: justify;\"><img loading=\"lazy\" decoding=\"async\" src=\"images\/Resolucin_va_Granada_-_Autopista.jpg\" alt=\"\" width=\"750\" height=\"439\" \/><\/p>\n<p style=\"text-align: justify;\">La medida rige para veh\u00edculos que superen las 20 toneladas (veh\u00edculo m\u00e1s carga) y pretende priorizar el desplazamiento de pasajeros y veh\u00edculos acorde con las condiciones de dise\u00f1o.<\/p>\n<p style=\"text-align: justify;\">Actualmente los da\u00f1os m\u00e1s significativos en el trayecto que comunica a Granada con la autopista, se presentan en los kil\u00f3metros 0+900, km 1+700, km 10+600 y en la zona urbana, perdida de banca en el km 13+100.<\/p>\n","protected":false},"excerpt":{"rendered":"<p style=\"text-align: justify;\">Las afectaciones en diferentes tramos de la v\u00eda Granada \u2013 Autopista, motiv\u00f3 a transportadores de la localidad y comunidad en general que hace uso de este corredor vial a solicitar a la alcald\u00eda municipal y la Gobernaci\u00f3n de Antioquia emitir medidas que limiten el tr\u00e1nsito de volquetas y otros veh\u00edculos de carga pesada por la zona para minimizar el desgaste de la calzada, que se ha agravado con la temporada invernal.<\/p>\n","protected":false},"author":1,"featured_media":0,"comment_status":"open","ping_status":"open","sticky":false,"template":"","format":"standard","meta":{"footnotes":""},"categories":[19],"tags":[],"class_list":["post-428","post","type-post","status-publish","format-standard","hentry","category-noticias"],"_links":{"self":[{"href":"https:\/\/www.desdegranada.com\/site\/index.php?rest_route=\/wp\/v2\/posts\/428","targetHints":{"allow":["GET"]}}],"collection":[{"href":"https:\/\/www.desdegranada.com\/site\/index.php?rest_route=\/wp\/v2\/posts"}],"about":[{"href":"https:\/\/www.desdegranada.com\/site\/index.php?rest_route=\/wp\/v2\/types\/post"}],"author":[{"embeddable":true,"href":"https:\/\/www.desdegranada.com\/site\/index.php?rest_route=\/wp\/v2\/users\/1"}],"replies":[{"embeddable":true,"href":"https:\/\/www.desdegranada.com\/site\/index.php?rest_route=%2Fwp%2Fv2%2Fcomments&post=428"}],"version-history":[{"count":0,"href":"https:\/\/www.desdegranada.com\/site\/index.php?rest_route=\/wp\/v2\/posts\/428\/revisions"}],"wp:attachment":[{"href":"https:\/\/www.desdegranada.com\/site\/index.php?rest_route=%2Fwp%2Fv2%2Fmedia&parent=428"}],"wp:term":[{"taxonomy":"category","embeddable":true,"href":"https:\/\/www.desdegranada.com\/site\/index.php?rest_route=%2Fwp%2Fv2%2Fcategories&post=428"},{"taxonomy":"post_tag","embeddable":true,"href":"https:\/\/www.desdegranada.com\/site\/index.php?rest_route=%2Fwp%2Fv2%2Ftags&post=428"}],"curies":[{"name":"wp","href":"https:\/\/api.w.org\/{rel}","templated":true}]}}