{"id":429,"date":"2021-09-18T17:16:03","date_gmt":"2021-09-18T17:16:03","guid":{"rendered":"https:\/\/www.desdegranada.com\/site\/?p=429"},"modified":"2021-09-18T17:16:03","modified_gmt":"2021-09-18T17:16:03","slug":"despues-de-45-anos-las-hermanas-maria-fanny-y-martha-deyanira-volvieron-a-encontrarse","status":"publish","type":"post","link":"https:\/\/www.desdegranada.com\/site\/?p=429","title":{"rendered":"Despu\u00e9s de 45 a\u00f1os las hermanas Mar\u00eda Fanny y Martha Deyanira volvieron a encontrarse"},"content":{"rendered":"<p style=\"text-align: justify;\">Las l\u00e1grimas de estas dos hermanas que eran de dolor, de incertidumbre y de tristeza desde su separaci\u00f3n por diferentes causas hace 45 a\u00f1os, se transformaron en l\u00e1grimas de alegr\u00eda este <em><strong>17 de septiembre<\/strong><\/em> tras el so\u00f1ado reencuentro y muchos a\u00f1os de b\u00fasqueda.<\/p>\n<p style=\"text-align: justify;\"><img decoding=\"async\" src=\"images\/Reencuentro_hermanas.jpg\" alt=\"\" \/><\/p>\n<p style=\"text-align: justify;\">En uno de los momentos m\u00e1s emotivos y especiales del reencuentro, Gloria Quintero, enlace del Proyecto Memorias de la Ausencia en Granada, se acerc\u00f3 hasta el muro posterior del Sal\u00f3n del Nunca M\u00e1s, en la secci\u00f3n de desaparecidos, para retirar la fotograf\u00eda de Martha Deyanira.<\/p>\n<p style=\"text-align: justify;\"><em><strong>Buscarlos hasta encontrarlos es el clamor de cada familia que tiene un ser querido desaparecido<\/strong><\/em>, y este suceso que es hoy la felicidad de una familia y de una comunidad, debe convertirse en el impulso para instituciones del estado y sociedad en general para continuar buscando a cada uno de los desaparecidos.<\/p>\n<p>\u00a0<\/p>\n<p>\u00a0<\/p>\n","protected":false},"excerpt":{"rendered":"<p style=\"text-align: justify;\">Mar\u00eda Fanny y Martha Deyanira Salazar, son dos hermanas granadinas que estuvieron separadas por un largo tiempo. 45 a\u00f1os para ser m\u00e1s precisos, y aunque desde su destino, y acompa\u00f1adas por sus familias, cada una busc\u00f3 la manera de conocer el paradero de la otra, fue solo hasta que do\u00f1a Mar\u00eda Fanny empez\u00f3 a participar del <strong><em>Proyecto Memorias de la Ausencia, que acompa\u00f1a a 58 familias y documenta 65 casos de personas desaparecidas en Granada y San Rafael<\/em><\/strong>, que ella logr\u00f3 ubicar a su hermana Martha Deyanira.<\/p>\n","protected":false},"author":1,"featured_media":0,"comment_status":"open","ping_status":"open","sticky":false,"template":"","format":"standard","meta":{"footnotes":""},"categories":[19],"tags":[],"class_list":["post-429","post","type-post","status-publish","format-standard","hentry","category-noticias"],"_links":{"self":[{"href":"https:\/\/www.desdegranada.com\/site\/index.php?rest_route=\/wp\/v2\/posts\/429","targetHints":{"allow":["GET"]}}],"collection":[{"href":"https:\/\/www.desdegranada.com\/site\/index.php?rest_route=\/wp\/v2\/posts"}],"about":[{"href":"https:\/\/www.desdegranada.com\/site\/index.php?rest_route=\/wp\/v2\/types\/post"}],"author":[{"embeddable":true,"href":"https:\/\/www.desdegranada.com\/site\/index.php?rest_route=\/wp\/v2\/users\/1"}],"replies":[{"embeddable":true,"href":"https:\/\/www.desdegranada.com\/site\/index.php?rest_route=%2Fwp%2Fv2%2Fcomments&post=429"}],"version-history":[{"count":0,"href":"https:\/\/www.desdegranada.com\/site\/index.php?rest_route=\/wp\/v2\/posts\/429\/revisions"}],"wp:attachment":[{"href":"https:\/\/www.desdegranada.com\/site\/index.php?rest_route=%2Fwp%2Fv2%2Fmedia&parent=429"}],"wp:term":[{"taxonomy":"category","embeddable":true,"href":"https:\/\/www.desdegranada.com\/site\/index.php?rest_route=%2Fwp%2Fv2%2Fcategories&post=429"},{"taxonomy":"post_tag","embeddable":true,"href":"https:\/\/www.desdegranada.com\/site\/index.php?rest_route=%2Fwp%2Fv2%2Ftags&post=429"}],"curies":[{"name":"wp","href":"https:\/\/api.w.org\/{rel}","templated":true}]}}