{"id":430,"date":"2021-09-21T14:45:01","date_gmt":"2021-09-21T14:45:01","guid":{"rendered":"https:\/\/www.desdegranada.com\/site\/?p=430"},"modified":"2021-09-21T14:45:01","modified_gmt":"2021-09-21T14:45:01","slug":"antioquia-domino-el-campeonato-nacional-de-ciclismo-de-pista-en-cali-con-aporte-de-la-granadina-elizabeth-castano","status":"publish","type":"post","link":"https:\/\/www.desdegranada.com\/site\/?p=430","title":{"rendered":"Antioquia domin\u00f3 el Campeonato Nacional de Ciclismo de Pista en Cali con aporte de la granadina Elizabeth Casta\u00f1o"},"content":{"rendered":"<p style=\"text-align: justify;\">Con participaci\u00f3n en cada una de las pruebas de la rama femenina que se disputaron, Elizabeth\u00a0obtuvo junto a sus compa\u00f1eras de equipo obtuvieron los siguientes resultados:\u00a0<\/p>\n<p style=\"text-align: justify;\">En persecuci\u00f3n por equipos se quedaron con la medalla de oro, en la prueba madison sumaron una\u00a0presea de plata y\u00a0en las pruebas por puntos y del \u00f3mnium, las pedalistas antioque\u00f1as se quedaron con las medallas de plata y bronce respectivamente.<\/p>\n<p style=\"text-align: justify;\"><img decoding=\"async\" src=\"images\/Elizabeth_Cali_2021.jpg\" alt=\"\" \/><\/p>\n<p style=\"text-align: justify;\">\u00abSensaciones muy buenas siendo este mi primer campeonato nacional \u00e9lite. Muy feliz por los resultados obtenidos y siempre en constante aprendizaje, ya con miras en lo que ser\u00e1 la vuelta a Colombia\u00bb, dijo la pedalista a los medios locales.<\/p>\n<p style=\"text-align: justify;\">El aporte de la ciclista granadina, sirviuo as\u00ed para que la delegaci\u00f3n antioque\u00f1a se proclamara como la ganadora absoluta del campeonato, que se cumpli\u00f3 en el vel\u00f3dromo Alcides Nieto Pati\u00f1o, con un total de 11 oros, 7 platas y 4 bronces.<\/p>\n","protected":false},"excerpt":{"rendered":"<p style=\"text-align: justify;\">Con la delegaci\u00f3n de Antioquia, la pedalista granadina Elizabeth Casta\u00f1o Quintero, estuvo participando en el Campeonato Nacional de Ciclismo de Pista que tuvo lugar en Cali entre el 13 y el 17 de septiembre.<\/p>\n","protected":false},"author":1,"featured_media":0,"comment_status":"open","ping_status":"open","sticky":false,"template":"","format":"standard","meta":{"footnotes":""},"categories":[19],"tags":[],"class_list":["post-430","post","type-post","status-publish","format-standard","hentry","category-noticias"],"_links":{"self":[{"href":"https:\/\/www.desdegranada.com\/site\/index.php?rest_route=\/wp\/v2\/posts\/430","targetHints":{"allow":["GET"]}}],"collection":[{"href":"https:\/\/www.desdegranada.com\/site\/index.php?rest_route=\/wp\/v2\/posts"}],"about":[{"href":"https:\/\/www.desdegranada.com\/site\/index.php?rest_route=\/wp\/v2\/types\/post"}],"author":[{"embeddable":true,"href":"https:\/\/www.desdegranada.com\/site\/index.php?rest_route=\/wp\/v2\/users\/1"}],"replies":[{"embeddable":true,"href":"https:\/\/www.desdegranada.com\/site\/index.php?rest_route=%2Fwp%2Fv2%2Fcomments&post=430"}],"version-history":[{"count":0,"href":"https:\/\/www.desdegranada.com\/site\/index.php?rest_route=\/wp\/v2\/posts\/430\/revisions"}],"wp:attachment":[{"href":"https:\/\/www.desdegranada.com\/site\/index.php?rest_route=%2Fwp%2Fv2%2Fmedia&parent=430"}],"wp:term":[{"taxonomy":"category","embeddable":true,"href":"https:\/\/www.desdegranada.com\/site\/index.php?rest_route=%2Fwp%2Fv2%2Fcategories&post=430"},{"taxonomy":"post_tag","embeddable":true,"href":"https:\/\/www.desdegranada.com\/site\/index.php?rest_route=%2Fwp%2Fv2%2Ftags&post=430"}],"curies":[{"name":"wp","href":"https:\/\/api.w.org\/{rel}","templated":true}]}}