{"id":431,"date":"2021-09-23T19:23:14","date_gmt":"2021-09-23T19:23:14","guid":{"rendered":"https:\/\/www.desdegranada.com\/site\/?p=431"},"modified":"2021-09-23T19:23:14","modified_gmt":"2021-09-23T19:23:14","slug":"yeison-giraldo-de-jugar-a-ser-sacerdote-a-trabajar-en-la-emisora-local","status":"publish","type":"post","link":"https:\/\/www.desdegranada.com\/site\/?p=431","title":{"rendered":"Yeison Giraldo, de jugar a ser sacerdote a trabajar en la emisora local"},"content":{"rendered":"<p style=\"text-align: justify;\">Desde el lugar en el que pas\u00f3 los primeros a\u00f1os de su vida, y tal vez los mejores, empieza a narrar con la voz entre cortada: \u201cestamos en el sector San Jos\u00e9, en la casa de San Vicente de Pa\u00fal. Esta casa, esta rampa, que fue testigo de tantos juegos, tanta inocencia, es la ra\u00edz de donde nace este muchacho, y hoy les vengo a contar mi historia\u201d.<\/p>\n<p style=\"text-align: justify;\">Toda madre se ilusiona cuando ve en sus hijos la vocaci\u00f3n de sacerdote \u201ccuando era ni\u00f1o me pon\u00eda la ropa de mis hermanas y tambi\u00e9n cog\u00eda las arepas que hacia mi mam\u00e1 y simulaba que estaba celebrando la eucarist\u00eda\u201d. Fue creciendo y \u201cla fiesta y las mujeres\u201d, como dice \u00e9l, hicieron que esta idea se fuera diluyendo.<\/p>\n<p style=\"text-align: justify;\">Mira al cielo, se\u00f1ala y empieza a narrar \u201cen este mismo lugar donde estoy sentado, me acuerdo que miro hacia arriba y hay mucho polvo, porque yo estaba sentado ac\u00e1 cuando fue la toma guerrillera\u201d. Con voz afligida, en una mezcla de nostalgia y emoci\u00f3n dice \u201cestar ac\u00e1 me hace recrear lo que hace tanto tiempo pas\u00f3\u201d y contin\u00faa narrando \u201cen esta casa no solo pasaron casas bonitas, tambi\u00e9n recibimos la noticia de que a mi hermanito Jhon Ferney lo hab\u00edan asesinado\u201d.<\/p>\n<p style=\"text-align: justify;\"><img loading=\"lazy\" decoding=\"async\" src=\"images\/Yeison_Giraldo_2.jpg\" alt=\"\" width=\"750\" height=\"439\" \/><\/p>\n<p style=\"text-align: justify;\">Esa casa de corredor largo y ventanas verdes, situada en la esquina del sector San Jos\u00e9, es ese ba\u00fal de los recuerdos de los Frijolos o Mazamorros, como son conocidos. En ella est\u00e1n guardadas las memorias de largas horas de juego \u201cde loter\u00eda, de comer frijoles, y de las veces que fue testigo de la destreza de don Pascual para tejer canastos\u201d.<\/p>\n<p style=\"text-align: justify;\">En el colegio la disciplina no era uno de sus talentos, por lo que sus padres le dijeron que si no iba a estudiar, ten\u00eda que empezar a trabajar. La esquina de la plaza, esa que comunica con el puente peatonal, fue el primer lugar de trabajo que lo recibi\u00f3 con sus botas y zurriago en uno de esos lunes de feria de ganado. Alistar carros en compa\u00f1\u00eda de sus hermanos mayores y lustrar zapatos, fueron algunos de los oficios que tambi\u00e9n desempe\u00f1\u00f3 antes de llegar a la emisora Granada Stereo.<\/p>\n<p style=\"text-align: justify;\"><img loading=\"lazy\" decoding=\"async\" src=\"images\/Yeison_Giraldo_1.jpg\" alt=\"\" width=\"750\" height=\"439\" \/><\/p>\n<p style=\"text-align: justify;\">Es com\u00fan ver en los ni\u00f1os la destreza por el f\u00fatbol y so\u00f1ar con vestir las camiseta\u00a0 del equipo del que son hinchas, pero este no fue el caso de Yeison \u201cyo era muy malo para jugar al micro f\u00fatbol, entonces los dem\u00e1s compa\u00f1eros\u00a0 me dejaban por fuera, all\u00e1 en la banca, y yo lo que hac\u00eda era que me pon\u00eda a narrar a los partidos; eso que \u00e9l hac\u00eda, llego a los o\u00eddos de Dubian y como todo un casa talentos me dijo: \u201cMaza, por qu\u00e9 no empezamos a transmitir partiditos en el coliseo y usted narra\u2026 Estuvimos con Jarvi Augusto Escobar, \u00e9l vino nos dio unas clases de como aprender a narrar.\u201d<\/p>\n<p style=\"text-align: justify;\">Menciona que narrar partidos hizo que de a poco fuera comenzando el gusto por las comunicaciones, \u201cempiezo a hacer un programa que se llamaba Radio Ciudadana y tambi\u00e9n empiezo a hacer locuci\u00f3n. No se me olvida el 12 de abril de 2013\u201d.<\/p>\n<p style=\"text-align: justify;\">Como todo granadino enamorado de su tierra resalta la calidez de sus paisanos \u201cmuy solidarios, muy queridos\u201d, y termina su relato mencionando \u201cmi sue\u00f1o es seguir en este camino de la locuci\u00f3n y, no s\u00e9, en cualquier momento uno trabajar en una estaci\u00f3n de radio del pa\u00eds, es uno de los sue\u00f1os que yo tengo a futuro y esperemos a ver, mi Diosito es muy grande\u201d.<\/p>\n<p style=\"text-align: justify;\">\u00a0<\/p>\n<p>\u00a0<\/p>\n<p>\u00a0<\/p>\n<p>\u00a0<\/p>\n","protected":false},"excerpt":{"rendered":"<p style=\"text-align: justify;\">\u201cAs\u00ed me hizo Dios, contento y enamorado\u201d, se le escucha cantar a todo pulm\u00f3n para sus oyentes. Y es que Yeison Giraldo, amante de la m\u00fasica de Diomedes, es as\u00ed como \u2018El cacique de la junta\u2019 un hombre enamoradizo, la pregunta es si cuenta con la misma suerte en el amor del roba corazones de la m\u00fasica vallenata.<\/p>\n","protected":false},"author":1,"featured_media":0,"comment_status":"open","ping_status":"open","sticky":false,"template":"","format":"standard","meta":{"footnotes":""},"categories":[20],"tags":[],"class_list":["post-431","post","type-post","status-publish","format-standard","hentry","category-columnistas"],"_links":{"self":[{"href":"https:\/\/www.desdegranada.com\/site\/index.php?rest_route=\/wp\/v2\/posts\/431","targetHints":{"allow":["GET"]}}],"collection":[{"href":"https:\/\/www.desdegranada.com\/site\/index.php?rest_route=\/wp\/v2\/posts"}],"about":[{"href":"https:\/\/www.desdegranada.com\/site\/index.php?rest_route=\/wp\/v2\/types\/post"}],"author":[{"embeddable":true,"href":"https:\/\/www.desdegranada.com\/site\/index.php?rest_route=\/wp\/v2\/users\/1"}],"replies":[{"embeddable":true,"href":"https:\/\/www.desdegranada.com\/site\/index.php?rest_route=%2Fwp%2Fv2%2Fcomments&post=431"}],"version-history":[{"count":0,"href":"https:\/\/www.desdegranada.com\/site\/index.php?rest_route=\/wp\/v2\/posts\/431\/revisions"}],"wp:attachment":[{"href":"https:\/\/www.desdegranada.com\/site\/index.php?rest_route=%2Fwp%2Fv2%2Fmedia&parent=431"}],"wp:term":[{"taxonomy":"category","embeddable":true,"href":"https:\/\/www.desdegranada.com\/site\/index.php?rest_route=%2Fwp%2Fv2%2Fcategories&post=431"},{"taxonomy":"post_tag","embeddable":true,"href":"https:\/\/www.desdegranada.com\/site\/index.php?rest_route=%2Fwp%2Fv2%2Ftags&post=431"}],"curies":[{"name":"wp","href":"https:\/\/api.w.org\/{rel}","templated":true}]}}