{"id":432,"date":"2021-09-29T15:21:27","date_gmt":"2021-09-29T15:21:27","guid":{"rendered":"https:\/\/www.desdegranada.com\/site\/?p=432"},"modified":"2021-09-29T15:21:27","modified_gmt":"2021-09-29T15:21:27","slug":"administracion-municipal-anuncia-intervencion-en-vias-urbanas","status":"publish","type":"post","link":"https:\/\/www.desdegranada.com\/site\/?p=432","title":{"rendered":"Administraci\u00f3n municipal anuncia intervenci\u00f3n en v\u00edas urbanas"},"content":{"rendered":"<p style=\"text-align: justify;\">Y es que evidentemente dos de las grandes necesidades que tiene el municipio son el tema de la intervenci\u00f3n de las v\u00edas, pues algunas calles presentan un avanzado deterioro, lo cual es una gran amenaza para los ciudadanos; y el tema del alumbrado p\u00fablico, en el que ya el casco urbano cuenta con un avance significativo en lo que respecta al cambio de las l\u00e1mparas.<\/p>\n<p style=\"text-align: justify;\">\u201cInicialmente se esta trabajando en el sector San Jos\u00e9, seguidamente seguiremos por la calle donde est\u00e1 ubicada la emisora, hacia arriba\u201d, manifest\u00f3 el alcalde en su programa semanal. Es de anotar que est\u00e1s obras se hacen con recursos del DPS.<\/p>\n<p style=\"text-align: justify;\">Se espera que pr\u00f3ximamente contin\u00fae la segunda etapa para recuperar la carpeta vial del sector La Asunci\u00f3n, que se conoce como El Plan. Estas obras se desarrollar\u00e1n con recursos de la Gobernaci\u00f3n de Antioquia.<\/p>\n<p style=\"text-align: justify;\"><img decoding=\"async\" src=\"images\/Intervencin_vas_urbanas.jpg\" alt=\"\" \/><\/p>\n<p style=\"text-align: justify;\">Todas estas intervenciones se realizar\u00e1n con cambio de carpeta de rodadura y alcantarillado y se est\u00e1 trabajando en el ajuste del proyecto que salir antes de ley de garant\u00edas.\u00a0<\/p>\n<p style=\"text-align: justify;\">Otros tramos de v\u00edas a intervenir ser\u00e1n las calles Bol\u00edvar y la Boyac\u00e1.<\/p>\n","protected":false},"excerpt":{"rendered":"<p style=\"text-align: justify;\">En d\u00edas pasados, el alcalde Freddy Casta\u00f1o en su programa \u201cEn l\u00ednea con la Alcald\u00eda\u201d dijo que se viene un trabajo fuerte en lo que se refiere al cambio de redes de alcantarillado y la recuperaci\u00f3n de las v\u00edas urbanas.<\/p>\n","protected":false},"author":1,"featured_media":0,"comment_status":"open","ping_status":"open","sticky":false,"template":"","format":"standard","meta":{"footnotes":""},"categories":[19],"tags":[],"class_list":["post-432","post","type-post","status-publish","format-standard","hentry","category-noticias"],"_links":{"self":[{"href":"https:\/\/www.desdegranada.com\/site\/index.php?rest_route=\/wp\/v2\/posts\/432","targetHints":{"allow":["GET"]}}],"collection":[{"href":"https:\/\/www.desdegranada.com\/site\/index.php?rest_route=\/wp\/v2\/posts"}],"about":[{"href":"https:\/\/www.desdegranada.com\/site\/index.php?rest_route=\/wp\/v2\/types\/post"}],"author":[{"embeddable":true,"href":"https:\/\/www.desdegranada.com\/site\/index.php?rest_route=\/wp\/v2\/users\/1"}],"replies":[{"embeddable":true,"href":"https:\/\/www.desdegranada.com\/site\/index.php?rest_route=%2Fwp%2Fv2%2Fcomments&post=432"}],"version-history":[{"count":0,"href":"https:\/\/www.desdegranada.com\/site\/index.php?rest_route=\/wp\/v2\/posts\/432\/revisions"}],"wp:attachment":[{"href":"https:\/\/www.desdegranada.com\/site\/index.php?rest_route=%2Fwp%2Fv2%2Fmedia&parent=432"}],"wp:term":[{"taxonomy":"category","embeddable":true,"href":"https:\/\/www.desdegranada.com\/site\/index.php?rest_route=%2Fwp%2Fv2%2Fcategories&post=432"},{"taxonomy":"post_tag","embeddable":true,"href":"https:\/\/www.desdegranada.com\/site\/index.php?rest_route=%2Fwp%2Fv2%2Ftags&post=432"}],"curies":[{"name":"wp","href":"https:\/\/api.w.org\/{rel}","templated":true}]}}