{"id":434,"date":"2021-10-02T00:08:56","date_gmt":"2021-10-02T00:08:56","guid":{"rendered":"https:\/\/www.desdegranada.com\/site\/?p=434"},"modified":"2021-10-02T00:08:56","modified_gmt":"2021-10-02T00:08:56","slug":"los-productos-de-los-campesinos-granadinos-estaran-en-el-centro-comercial-gran-plaza-de-medellin","status":"publish","type":"post","link":"https:\/\/www.desdegranada.com\/site\/?p=434","title":{"rendered":"Los productos de los campesinos granadinos estar\u00e1n en el centro comercial Gran Plaza de Medell\u00edn"},"content":{"rendered":"<p style=\"text-align: justify;\">Luego del trabajo articulado de planeaci\u00f3n y de gesti\u00f3n de l\u00edderes e instituciones durante alrededor de dos meses, y posteriormente socializar la idea con los productores del municipio, se lleg\u00f3 el tan esperado d\u00eda en el que los campesinos podr\u00e1n vender sus cosechas y productos a un precio justo, y los paisanos y habitantes de Medell\u00edn tendr\u00e1n a su vez la oportunidad de adquirir productos frescos y de primera calidad para sus hogares.<\/p>\n<p style=\"text-align: justify;\"><img decoding=\"async\" src=\"images\/Mercado_Campesino_Gran_Plaza_1.jpg\" alt=\"\" \/><\/p>\n<p style=\"text-align: justify;\">Durante la \u00faltima semana se precisaron detalles, y entre jueves y viernes se recibieron los productos de los campesinos que le dijeron s\u00ed a esta propuesta de paisanos residentes en Medell\u00edn. Hacia las 5:00p.m. se inici\u00f3 con el proceso de cargue de la mercanc\u00eda, y ma\u00f1ana a eso de las 5:00a.m. estar\u00e1n partiendo hacia la Ciudad de la Eterna Primavera los campesinos con sus productos.<\/p>\n<p style=\"text-align: justify;\"><img loading=\"lazy\" decoding=\"async\" src=\"images\/Mercado_Campesino_Gran_Plaza_2.jpg\" alt=\"\" width=\"750\" height=\"439\" \/><\/p>\n<p style=\"text-align: justify;\">Entre las 9:00a.m. y las 5:00p.m cualquier persona puede acercarse hasta el Centro Comercial Gran Plaza, para apreciar una variada oferta de productos de nuestra tierra y por supuesto comprar y apoyar el campo granadino. \u00a1Los esperamos!<\/p>\n","protected":false},"excerpt":{"rendered":"<p style=\"text-align: justify;\">Todo est\u00e1 preparado. Falta el \u00faltimo proceso, pero no menos importante, y es que todos los granadinos residentes en la ciudad de Medell\u00edn asistan a comprar los productos que con amor y esfuerzo prepararon los campesinos y organizaciones locales para este Mercado Campesino.<\/p>\n","protected":false},"author":1,"featured_media":0,"comment_status":"open","ping_status":"open","sticky":false,"template":"","format":"standard","meta":{"footnotes":""},"categories":[19],"tags":[],"class_list":["post-434","post","type-post","status-publish","format-standard","hentry","category-noticias"],"_links":{"self":[{"href":"https:\/\/www.desdegranada.com\/site\/index.php?rest_route=\/wp\/v2\/posts\/434","targetHints":{"allow":["GET"]}}],"collection":[{"href":"https:\/\/www.desdegranada.com\/site\/index.php?rest_route=\/wp\/v2\/posts"}],"about":[{"href":"https:\/\/www.desdegranada.com\/site\/index.php?rest_route=\/wp\/v2\/types\/post"}],"author":[{"embeddable":true,"href":"https:\/\/www.desdegranada.com\/site\/index.php?rest_route=\/wp\/v2\/users\/1"}],"replies":[{"embeddable":true,"href":"https:\/\/www.desdegranada.com\/site\/index.php?rest_route=%2Fwp%2Fv2%2Fcomments&post=434"}],"version-history":[{"count":0,"href":"https:\/\/www.desdegranada.com\/site\/index.php?rest_route=\/wp\/v2\/posts\/434\/revisions"}],"wp:attachment":[{"href":"https:\/\/www.desdegranada.com\/site\/index.php?rest_route=%2Fwp%2Fv2%2Fmedia&parent=434"}],"wp:term":[{"taxonomy":"category","embeddable":true,"href":"https:\/\/www.desdegranada.com\/site\/index.php?rest_route=%2Fwp%2Fv2%2Fcategories&post=434"},{"taxonomy":"post_tag","embeddable":true,"href":"https:\/\/www.desdegranada.com\/site\/index.php?rest_route=%2Fwp%2Fv2%2Ftags&post=434"}],"curies":[{"name":"wp","href":"https:\/\/api.w.org\/{rel}","templated":true}]}}