{"id":435,"date":"2021-10-02T00:17:47","date_gmt":"2021-10-02T00:17:47","guid":{"rendered":"https:\/\/www.desdegranada.com\/site\/?p=435"},"modified":"2021-10-02T00:17:47","modified_gmt":"2021-10-02T00:17:47","slug":"parroquiaton-san-isidro-2021-proximo-16-y-17-de-octubre-de-2021","status":"publish","type":"post","link":"https:\/\/www.desdegranada.com\/site\/?p=435","title":{"rendered":"Parroquiat\u00f3n San Isidro 2021, pr\u00f3ximo 16 y 17 de octubre de 2021"},"content":{"rendered":"<p style=\"text-align: justify;\">En ese sentido, una de las instituciones que a\u00f1o a a\u00f1o lidera diferentes programas que re\u00fanen a gran cantidad de personas es la parroquia Santa B\u00e1rbara, y en lo que corresponde a la Fiesta de San Isidro, el p\u00e1rroco Sergio Augusto Botero ,con su equipo de trabajo, han decidido que se llevar\u00e1 a cabo bajo el mismo sistema del a\u00f1o 2020; es decir, a modo parroquiat\u00f3n.<\/p>\n<p style=\"text-align: justify;\">\u201cAunque vemos con agrado que las cosas van mejorando, que la vacunaci\u00f3n nos ha ido ayudando, que la gente est\u00e1 juiciosa, ya no nos da tiempo para hacer el evento con esa grandeza que hac\u00edamos antes\u201d, explic\u00f3 el p\u00e1rroco.<\/p>\n<p style=\"text-align: justify;\">La Parroquiat\u00f3n San Isidro 2021 tendr\u00e1 lugar los d\u00edas 16 y 17 de octubre con el prop\u00f3sito de recolectar algunos recursos que permitan el desarrollo de distintas obras en la parroquia y fortalecer la misi\u00f3n pastoral con la comunidad.<\/p>\n<p style=\"text-align: justify;\">El s\u00e1bado 16, durante todo el d\u00eda se tendr\u00e1 programaci\u00f3n art\u00edstica y cultural; adem\u00e1s de las eucarist\u00edas en su horario habitual y el domingo 17, los sacerdotes estar\u00e1n a la salida de las distintas celebraciones lit\u00fargicas, en ambos templos, recibiendo los aportes de los granadinos.<\/p>\n<p style=\"text-align: justify;\">\u201cMotivamos a todos los granadinos aqu\u00ed en Colombia y en cualquier lugar del mundo para que donde est\u00e9n puedan hacer su consignaci\u00f3n en favor de la parroquia\u201d, agreg\u00f3 el p\u00e1rroco.<\/p>\n<p style=\"text-align: justify;\">Todos los fieles en la medida de sus capacidades pueden hacer su aporte en la Parroquiat\u00f3n San Isidro 2021 para ayudar a la parroquia en su tarea de evangelizaci\u00f3n en el municipio.<\/p>\n<p style=\"text-align: justify;\">Haz tu consignaci\u00f3n a nombre de la Parroquia Santa B\u00e1rbara, Granada en las cuentas:<\/p>\n<p style=\"text-align: justify;\"><strong><em>Bancolombia \u2013 <\/em><\/strong>Ahorros # 1009 262 9224<\/p>\n<p style=\"text-align: justify;\"><strong><em>Banco Agrario <\/em><\/strong>\u2013 Ahorros # 01380 \u2013 700405 \u2013 5<\/p>\n<p style=\"text-align: justify;\"><strong><em>Coogranada &#8211;<\/em><\/strong> # 001 \u2013 101 \u2013 0001107 &#8211; 5<\/p>\n<p style=\"text-align: justify;\"><strong><em>Creafam <\/em><\/strong>&#8211; # 04483<\/p>\n","protected":false},"excerpt":{"rendered":"<p style=\"text-align: justify;\">Aunque en la medida en que avanza el proceso de vacunaci\u00f3n contra el covid 19 se va regresando nuevamente a la normalidad, las empresas y organizaciones que desarrollan eventos guardan todav\u00eda mucha prudencia a la hora de planear cualquier actividad masiva.<\/p>\n","protected":false},"author":1,"featured_media":0,"comment_status":"open","ping_status":"open","sticky":false,"template":"","format":"standard","meta":{"footnotes":""},"categories":[19],"tags":[],"class_list":["post-435","post","type-post","status-publish","format-standard","hentry","category-noticias"],"_links":{"self":[{"href":"https:\/\/www.desdegranada.com\/site\/index.php?rest_route=\/wp\/v2\/posts\/435","targetHints":{"allow":["GET"]}}],"collection":[{"href":"https:\/\/www.desdegranada.com\/site\/index.php?rest_route=\/wp\/v2\/posts"}],"about":[{"href":"https:\/\/www.desdegranada.com\/site\/index.php?rest_route=\/wp\/v2\/types\/post"}],"author":[{"embeddable":true,"href":"https:\/\/www.desdegranada.com\/site\/index.php?rest_route=\/wp\/v2\/users\/1"}],"replies":[{"embeddable":true,"href":"https:\/\/www.desdegranada.com\/site\/index.php?rest_route=%2Fwp%2Fv2%2Fcomments&post=435"}],"version-history":[{"count":0,"href":"https:\/\/www.desdegranada.com\/site\/index.php?rest_route=\/wp\/v2\/posts\/435\/revisions"}],"wp:attachment":[{"href":"https:\/\/www.desdegranada.com\/site\/index.php?rest_route=%2Fwp%2Fv2%2Fmedia&parent=435"}],"wp:term":[{"taxonomy":"category","embeddable":true,"href":"https:\/\/www.desdegranada.com\/site\/index.php?rest_route=%2Fwp%2Fv2%2Fcategories&post=435"},{"taxonomy":"post_tag","embeddable":true,"href":"https:\/\/www.desdegranada.com\/site\/index.php?rest_route=%2Fwp%2Fv2%2Ftags&post=435"}],"curies":[{"name":"wp","href":"https:\/\/api.w.org\/{rel}","templated":true}]}}