{"id":436,"date":"2021-10-05T17:43:41","date_gmt":"2021-10-05T17:43:41","guid":{"rendered":"https:\/\/www.desdegranada.com\/site\/?p=436"},"modified":"2021-10-05T17:43:41","modified_gmt":"2021-10-05T17:43:41","slug":"mercado-campesino-en-medellin-fue-un-exito-se-vendio-el-90-de-los-productos","status":"publish","type":"post","link":"https:\/\/www.desdegranada.com\/site\/?p=436","title":{"rendered":"Mercado campesino en Medell\u00edn fue un \u00e9xito, se vendi\u00f3 el 90% de los productos"},"content":{"rendered":"<p style=\"text-align: justify;\">\u201cB\u00e1sicamente la idea hoy era tener una primera experiencia y, a partir de c\u00f3mo nos est\u00e1 yendo, que hemos tenido hasta el momento una muy buena acogida, pues la idea es poder seguir replicando esta experiencia, desarrollarla en otros espacios o con mayor frecuencia\u201d, dijo Jessica Cruz, Coordinadora de Desarrollo Econ\u00f3mico de Granada.\u00a0<\/p>\n<p style=\"text-align: justify;\">Hasta all\u00ed, campesinos, asociaciones y emprendedores llevaron parte de las cosechas de sus fincas y productos que elaboran para ofertar a paisanos y habitantes de la ciudad una amplia variedad y a buenos precios, no solo para los vendedores sino tambi\u00e9n para los compradores.<\/p>\n<p style=\"text-align: justify;\">\u00abNos vinimos muy contentos, muy felices. B\u00e1sicamentecasi el 90% de la producci\u00f3n que llevamos se vendi\u00f3, la idea es seguir mejorando, obviamente llevar otros productos m\u00e1s novedosos, transformados\u00bbExpres\u00f3 Gladys Casta\u00f1o, Coordinadora de la Comercializadora Gransol.<\/p>\n<p style=\"text-align: justify;\"><img loading=\"lazy\" decoding=\"async\" src=\"images\/Mercado_Campesino_Medelln.jpg\" alt=\"\" width=\"750\" height=\"439\" \/><\/p>\n<p style=\"text-align: justify;\">Tras la jornada, algunos de los asistentes agradecieron ser tenidos en cuenta para comercializar sus productos en este mercado y, desde ya, esperan que m\u00e1s a menudo se generen espacios como este.<\/p>\n<p style=\"text-align: justify;\">Rosmira L\u00f3pez, quien llev\u00f3 varios productos que cultiva en la vereda La Cascada, se mostr\u00f3 complacida por la oportunidad de participar en el mercado campesino y vender a buen precio todo lo que produce su finca: \u201cla colaboraci\u00f3n de toda la gente ac\u00e1 ha sido excelente. Nos han comprado, estamos muy contentos. Nos ha ido muy bien\u201d.<\/p>\n<p style=\"text-align: justify;\">Por otro lado, Natalia Prieto, que particip\u00f3 con productos de su emprendimiento de fermentos expres\u00f3: \u201cme parece que es un muy buen proyecto y me gustar\u00eda que se repita, como esa idea de que de pronto sea una vez al mes\u201d.<\/p>\n<p style=\"text-align: justify;\">El objetivo de este mercado campesino no solamente pasa por generar un espacio que permita vender los productos de los campesinos granadinos a mejores precios, sino tambi\u00e9n por incrementar las opciones de comercio de estos y de proyectar otros.<\/p>\n","protected":false},"excerpt":{"rendered":"<p style=\"text-align: justify;\">Un significativo balance en materia econ\u00f3mica para productores y asociaciones, y buenas sensaciones entre organizadores e instituciones, fue el resultado del primer mercado campesino desarrollado en el Centro Comercial Gran Plaza de la ciudad de Medell\u00edn el s\u00e1bado 2 de octubre.<\/p>\n","protected":false},"author":1,"featured_media":0,"comment_status":"open","ping_status":"open","sticky":false,"template":"","format":"standard","meta":{"footnotes":""},"categories":[19],"tags":[],"class_list":["post-436","post","type-post","status-publish","format-standard","hentry","category-noticias"],"_links":{"self":[{"href":"https:\/\/www.desdegranada.com\/site\/index.php?rest_route=\/wp\/v2\/posts\/436","targetHints":{"allow":["GET"]}}],"collection":[{"href":"https:\/\/www.desdegranada.com\/site\/index.php?rest_route=\/wp\/v2\/posts"}],"about":[{"href":"https:\/\/www.desdegranada.com\/site\/index.php?rest_route=\/wp\/v2\/types\/post"}],"author":[{"embeddable":true,"href":"https:\/\/www.desdegranada.com\/site\/index.php?rest_route=\/wp\/v2\/users\/1"}],"replies":[{"embeddable":true,"href":"https:\/\/www.desdegranada.com\/site\/index.php?rest_route=%2Fwp%2Fv2%2Fcomments&post=436"}],"version-history":[{"count":0,"href":"https:\/\/www.desdegranada.com\/site\/index.php?rest_route=\/wp\/v2\/posts\/436\/revisions"}],"wp:attachment":[{"href":"https:\/\/www.desdegranada.com\/site\/index.php?rest_route=%2Fwp%2Fv2%2Fmedia&parent=436"}],"wp:term":[{"taxonomy":"category","embeddable":true,"href":"https:\/\/www.desdegranada.com\/site\/index.php?rest_route=%2Fwp%2Fv2%2Fcategories&post=436"},{"taxonomy":"post_tag","embeddable":true,"href":"https:\/\/www.desdegranada.com\/site\/index.php?rest_route=%2Fwp%2Fv2%2Ftags&post=436"}],"curies":[{"name":"wp","href":"https:\/\/api.w.org\/{rel}","templated":true}]}}