{"id":437,"date":"2021-10-08T19:11:45","date_gmt":"2021-10-08T19:11:45","guid":{"rendered":"https:\/\/www.desdegranada.com\/site\/?p=437"},"modified":"2021-10-08T19:11:45","modified_gmt":"2021-10-08T19:11:45","slug":"inicio-instalacion-de-alumbrados-navidenos-en-granada","status":"publish","type":"post","link":"https:\/\/www.desdegranada.com\/site\/?p=437","title":{"rendered":"Inici\u00f3 instalaci\u00f3n de alumbrados navide\u00f1os en Granada"},"content":{"rendered":"<p style=\"text-align: justify;\">Tres d\u00edas durar\u00e1n las labores de esta fase inicial, en la que quedar\u00e1n listos todos los motivos a\u00e9reos, \u201cestamos en estos momentos instalando la infraestructura para el alumbrado navide\u00f1o, poster\u00eda, trenza y ya empezamos a instalar lo que son pasacalles, pendones, cenefas y techo\u201d, dijo Cesar Augusto Giraldo L\u00f3pez, encargado del montaje de los alumbrados.<\/p>\n<p style=\"text-align: justify;\"><img decoding=\"async\" src=\"images\/Instalacin_alumbrados_2021.jpg\" alt=\"\" \/><\/p>\n<p style=\"text-align: justify;\">En el mes de noviembre, previo al evento que desde la alcald\u00eda en coordinaci\u00f3n con EPM se prepara para la inauguraci\u00f3n y el encendido de los alumbrados, empezar\u00e1n a verse tambi\u00e9n las figuras volum\u00e9tricas que adornar\u00e1n la Plazoleta Tiberio de J. Salazar y Herrera y el parque principal.<\/p>\n<p style=\"text-align: justify;\"><iframe loading=\"lazy\" src=\"\/\/www.youtube.com\/embed\/xLgJe5gmj0o\" width=\"560\" height=\"314\" allowfullscreen=\"allowfullscreen\"><\/iframe><\/p>\n","protected":false},"excerpt":{"rendered":"<p style=\"text-align: justify;\">En la tarde de el jueves 7 de octubre llegaron al municipio las figuras navide\u00f1as y la infraestructura con que se har\u00e1 el montaje de los alumbrados de EPM con que contar\u00e1 Granada en este a\u00f1o, y este viernes la cuadrilla de 8 empleados inici\u00f3 con todo el proceso de montaje.<\/p>\n","protected":false},"author":1,"featured_media":0,"comment_status":"open","ping_status":"open","sticky":false,"template":"","format":"standard","meta":{"footnotes":""},"categories":[19],"tags":[],"class_list":["post-437","post","type-post","status-publish","format-standard","hentry","category-noticias"],"_links":{"self":[{"href":"https:\/\/www.desdegranada.com\/site\/index.php?rest_route=\/wp\/v2\/posts\/437","targetHints":{"allow":["GET"]}}],"collection":[{"href":"https:\/\/www.desdegranada.com\/site\/index.php?rest_route=\/wp\/v2\/posts"}],"about":[{"href":"https:\/\/www.desdegranada.com\/site\/index.php?rest_route=\/wp\/v2\/types\/post"}],"author":[{"embeddable":true,"href":"https:\/\/www.desdegranada.com\/site\/index.php?rest_route=\/wp\/v2\/users\/1"}],"replies":[{"embeddable":true,"href":"https:\/\/www.desdegranada.com\/site\/index.php?rest_route=%2Fwp%2Fv2%2Fcomments&post=437"}],"version-history":[{"count":0,"href":"https:\/\/www.desdegranada.com\/site\/index.php?rest_route=\/wp\/v2\/posts\/437\/revisions"}],"wp:attachment":[{"href":"https:\/\/www.desdegranada.com\/site\/index.php?rest_route=%2Fwp%2Fv2%2Fmedia&parent=437"}],"wp:term":[{"taxonomy":"category","embeddable":true,"href":"https:\/\/www.desdegranada.com\/site\/index.php?rest_route=%2Fwp%2Fv2%2Fcategories&post=437"},{"taxonomy":"post_tag","embeddable":true,"href":"https:\/\/www.desdegranada.com\/site\/index.php?rest_route=%2Fwp%2Fv2%2Ftags&post=437"}],"curies":[{"name":"wp","href":"https:\/\/api.w.org\/{rel}","templated":true}]}}