{"id":438,"date":"2021-10-09T15:17:22","date_gmt":"2021-10-09T15:17:22","guid":{"rendered":"https:\/\/www.desdegranada.com\/site\/?p=438"},"modified":"2021-10-09T15:17:22","modified_gmt":"2021-10-09T15:17:22","slug":"campeon-granada-campeon","status":"publish","type":"post","link":"https:\/\/www.desdegranada.com\/site\/?p=438","title":{"rendered":"\u00a1Campe\u00f3n, Granada, Campe\u00f3n!"},"content":{"rendered":"<p style=\"text-align: justify;\">Granada por supuesto se hizo presente en dicho zonal con sus representativos en baloncesto y atletismo y, aunque en ambos deportes hubo buenas actuaciones y sensaciones positivas para deportistas y entrenadores, fue el baloncesto prejuvenil femenino el que se llev\u00f3 el protagonismo.<\/p>\n<p style=\"text-align: justify;\">La calidad de las de\u00a0Granada se hizo notar en &#8216;La costica dulce del Oriente Antioque\u00f1o&#8217;. En su primera salida el mi\u00e9rcoles 6 de octubre, en un juego bastante parejo, las dirigidas por Cristian Saldarriaga y Marina Jim\u00e9nez lograron una importante victoria 37 a 21 contra el municipio de El Pe\u00f1ol, uno de los equipos m\u00e1s fuertes en el deporte de la pelota naranja en la regi\u00f3n.<\/p>\n<p style=\"text-align: justify;\"><img decoding=\"async\" src=\"images\/Granada_campen_San_Carlos_2021.jpg\" alt=\"\" \/><\/p>\n<p style=\"text-align: justify;\">Con la confianza y motivaci\u00f3n que les produjo su primera victoria en la competici\u00f3n, las chicas granadinas salieron con toda a disputar su segundo compromiso frente a Alejandr\u00eda el viernes 8 de octubre para hacerse con un lugar en la final. \u00a0En este juego Granada se impuso de manera categ\u00f3rica por un marcador de 74 a 5.<\/p>\n<p style=\"text-align: justify;\">Con la ilusi\u00f3n de lograr el t\u00edtulo y un tiquete directo a los juegos departamentales, el equipo de Granada madrug\u00f3 este s\u00e1bado 9 de octubre para medirse al cuadro de La Ceja y dar la puntada final en este camino y s\u00ed que lo lograron. Con un marcador de 37 a 13, se coronaron como el mejor equipo de baloncesto de los Juegos Deportivos Intercolegiados 2021.<\/p>\n<p style=\"text-align: justify;\">Desde ya deportistas y cuerpo t\u00e9cnico contin\u00faan prepar\u00e1ndose para ir ahora por el t\u00edtulo departamental en los municipios de Ciudad Bolivar y Andes del 19 al 23 de octubre. Felicitaciones a deportistas, cuerpo t\u00e9cnico y padres de familia.<\/p>\n<p>\u00a0<\/p>\n<p>\u00a0<\/p>\n<p>\u00a0<\/p>\n","protected":false},"excerpt":{"rendered":"<p>\u00a0Entre el 5 y el 9 de octubre, el municipio de San Carlos vibr\u00f3 con los Juegos Deportivos Intercolegiados 2021 Zonal Oriente, en los que participaron m\u00e1s de 800 deportistas en las disciplinas de baloncesto, voleibol, f\u00fatbol y atletismo.<\/p>\n","protected":false},"author":1,"featured_media":0,"comment_status":"open","ping_status":"open","sticky":false,"template":"","format":"standard","meta":{"footnotes":""},"categories":[19],"tags":[],"class_list":["post-438","post","type-post","status-publish","format-standard","hentry","category-noticias"],"_links":{"self":[{"href":"https:\/\/www.desdegranada.com\/site\/index.php?rest_route=\/wp\/v2\/posts\/438","targetHints":{"allow":["GET"]}}],"collection":[{"href":"https:\/\/www.desdegranada.com\/site\/index.php?rest_route=\/wp\/v2\/posts"}],"about":[{"href":"https:\/\/www.desdegranada.com\/site\/index.php?rest_route=\/wp\/v2\/types\/post"}],"author":[{"embeddable":true,"href":"https:\/\/www.desdegranada.com\/site\/index.php?rest_route=\/wp\/v2\/users\/1"}],"replies":[{"embeddable":true,"href":"https:\/\/www.desdegranada.com\/site\/index.php?rest_route=%2Fwp%2Fv2%2Fcomments&post=438"}],"version-history":[{"count":0,"href":"https:\/\/www.desdegranada.com\/site\/index.php?rest_route=\/wp\/v2\/posts\/438\/revisions"}],"wp:attachment":[{"href":"https:\/\/www.desdegranada.com\/site\/index.php?rest_route=%2Fwp%2Fv2%2Fmedia&parent=438"}],"wp:term":[{"taxonomy":"category","embeddable":true,"href":"https:\/\/www.desdegranada.com\/site\/index.php?rest_route=%2Fwp%2Fv2%2Fcategories&post=438"},{"taxonomy":"post_tag","embeddable":true,"href":"https:\/\/www.desdegranada.com\/site\/index.php?rest_route=%2Fwp%2Fv2%2Ftags&post=438"}],"curies":[{"name":"wp","href":"https:\/\/api.w.org\/{rel}","templated":true}]}}