{"id":439,"date":"2021-10-19T22:22:50","date_gmt":"2021-10-19T22:22:50","guid":{"rendered":"https:\/\/www.desdegranada.com\/site\/?p=439"},"modified":"2021-10-19T22:22:50","modified_gmt":"2021-10-19T22:22:50","slug":"la-solucion-definitiva-es-un-muro-cimentado-en-pilas-que-se-tendra-que-desarrollar-en-este-punto-para-poder-sostener-la-via-el-costo-aproximado-es-de-mil-millones-santiago-sierra","status":"publish","type":"post","link":"https:\/\/www.desdegranada.com\/site\/?p=439","title":{"rendered":"\u201cLa soluci\u00f3n definitiva es un muro cimentado en pilas que se tendr\u00e1 que desarrollar en este punto para poder sostener la v\u00eda. El costo aproximado es de mil millones\u201d, Santiago Sierra, secretario de infraestructura del departamento."},"content":{"rendered":"<p style=\"text-align: justify;\">El clamor popular es contundente, se debe tener una soluci\u00f3n definitiva, no m\u00e1s \u2018pa\u00f1itos de agua tibia\u2019, como se menciona coloquialmente en los corrillos, donde el tema de la v\u00eda se volvi\u00f3 recurrente. Al respecto Santiago Sierra explica: \u201cEl tramo lleva 40 a\u00f1os sin ser intervenido. Nosotros como Gobernaci\u00f3n de Antioquia, me atrever\u00eda a decir que hemos puestos todos los ojos sobre este tramo\u201d.<\/p>\n<p style=\"text-align: justify;\">En lo corrido del a\u00f1o, los habitantes de Granada nos hemos visto afectados por el estado de la v\u00eda, especialmente en este punto. En varias ocasiones el tracto cami\u00f3n que transporta el gas comprimido para abastecer de gas domiciliario al municipio no ha podido pasar, causando afectaciones considerables en la localidad.<\/p>\n<p style=\"text-align: justify;\">\u201cSobre este tramo en particular, que es el kil\u00f3metro 0 + 900, ya realizamos los estudios. La soluci\u00f3n definitiva es un muro cimentado en pilas que se tendr\u00e1 que desarrollar en este punto para sostener la v\u00eda. El costo aproximado es de mil millones. La secretar\u00eda de infraestructura f\u00edsica el 12 de octubre ya adjudic\u00f3 los contratos de mantenimiento subregional, quiere decir que las intervenciones sobre la v\u00eda deben comenzar en un mes\u201d.<\/p>\n<p style=\"text-align: justify;\">El proceso de construcci\u00f3n del muro, correspondiente a la soluci\u00f3n definitiva tardar\u00e1 entre tres y cuatro meses y no habr\u00e1 necesidad de cerrar la v\u00eda. De momento la Gobernaci\u00f3n de Antioquia ha estado pendiente del estado de la v\u00eda para mitigar la problem\u00e1tica y garantizar la transitabilidad.<\/p>\n<p style=\"text-align: justify;\"><iframe loading=\"lazy\" src=\"\/\/www.youtube.com\/embed\/Fbk9BfEqyxk\" width=\"560\" height=\"314\" allowfullscreen=\"allowfullscreen\"><\/iframe><\/p>\n","protected":false},"excerpt":{"rendered":"<p style=\"text-align: justify;\">Si bien la problem\u00e1tica no es nueva, las dificultades en el paso malo, en el kil\u00f3metro 0 + 900, se han vuelto m\u00e1s recurrentes por las fuertes lluvias y por el tr\u00e1fico pesado sobre la v\u00eda, que, si bien ya se regul\u00f3, afect\u00f3 este corredor vial.<\/p>\n","protected":false},"author":1,"featured_media":0,"comment_status":"open","ping_status":"open","sticky":false,"template":"","format":"standard","meta":{"footnotes":""},"categories":[19],"tags":[],"class_list":["post-439","post","type-post","status-publish","format-standard","hentry","category-noticias"],"_links":{"self":[{"href":"https:\/\/www.desdegranada.com\/site\/index.php?rest_route=\/wp\/v2\/posts\/439","targetHints":{"allow":["GET"]}}],"collection":[{"href":"https:\/\/www.desdegranada.com\/site\/index.php?rest_route=\/wp\/v2\/posts"}],"about":[{"href":"https:\/\/www.desdegranada.com\/site\/index.php?rest_route=\/wp\/v2\/types\/post"}],"author":[{"embeddable":true,"href":"https:\/\/www.desdegranada.com\/site\/index.php?rest_route=\/wp\/v2\/users\/1"}],"replies":[{"embeddable":true,"href":"https:\/\/www.desdegranada.com\/site\/index.php?rest_route=%2Fwp%2Fv2%2Fcomments&post=439"}],"version-history":[{"count":0,"href":"https:\/\/www.desdegranada.com\/site\/index.php?rest_route=\/wp\/v2\/posts\/439\/revisions"}],"wp:attachment":[{"href":"https:\/\/www.desdegranada.com\/site\/index.php?rest_route=%2Fwp%2Fv2%2Fmedia&parent=439"}],"wp:term":[{"taxonomy":"category","embeddable":true,"href":"https:\/\/www.desdegranada.com\/site\/index.php?rest_route=%2Fwp%2Fv2%2Fcategories&post=439"},{"taxonomy":"post_tag","embeddable":true,"href":"https:\/\/www.desdegranada.com\/site\/index.php?rest_route=%2Fwp%2Fv2%2Ftags&post=439"}],"curies":[{"name":"wp","href":"https:\/\/api.w.org\/{rel}","templated":true}]}}