{"id":440,"date":"2021-10-20T16:27:10","date_gmt":"2021-10-20T16:27:10","guid":{"rendered":"https:\/\/www.desdegranada.com\/site\/?p=440"},"modified":"2021-10-20T16:27:10","modified_gmt":"2021-10-20T16:27:10","slug":"granada-ya-esta-en-ciudad-bolivar-para-disputar-la-final-de-los-juegos-deportivos-intercolegiados-2021","status":"publish","type":"post","link":"https:\/\/www.desdegranada.com\/site\/?p=440","title":{"rendered":"Granada ya est\u00e1 en Ciudad Bol\u00edvar para disputar la final de los Juegos Deportivos Intercolegiados 2021"},"content":{"rendered":"<p style=\"text-align: justify;\">En esta localidad del suroeste de Antioquia, estar\u00e1n el equipo de baloncesto femenino prejuvenil y la delegaci\u00f3n de atletismo relevos 5 x 80 metros femenino en la b\u00fasqueda de extender al nivel departamental la calidad exhibida en el zonal oriente que tuvo lugar en el municipio de San Carlos, donde las basquetbolistas granadinas se coronaron campeonas y las atletas se hicieron con un cupo en la final.<\/p>\n<p style=\"text-align: justify;\">El baloncesto iniciar\u00e1 su participaci\u00f3n el jueves 21 de octubre, mientras que en el atletismo 5 x 80 metros, los deportistas competir\u00e1n en la final el d\u00eda s\u00e1bado 23 de octubre. La delegaci\u00f3n de Granada y la Instituci\u00f3n Educativa Jorge Alberto G\u00f3mez, est\u00e1 conformado por 13 deportistas y 3 entrenadores.<\/p>\n<p style=\"text-align: justify;\">Hasta el s\u00e1bado 23 de octubre, las diferentes delegaciones intentar\u00e1n lograr un cupo en el zonal y la final nacional que a\u00fan no tienen una fecha establecida.<\/p>\n","protected":false},"excerpt":{"rendered":"<p style=\"text-align: justify;\">Tras el acto de inauguraci\u00f3n que tuvo lugar el martes 19 de octubre en horas de la tarde, este mi\u00e9rcoles inician en el municipio de Ciudad Bol\u00edvar las competencias correspondientes a la final departamental de los Juegos Deportivos Intercolegiados 2021 en las distintas disciplinas deportivas.<\/p>\n","protected":false},"author":1,"featured_media":0,"comment_status":"open","ping_status":"open","sticky":false,"template":"","format":"standard","meta":{"footnotes":""},"categories":[19],"tags":[],"class_list":["post-440","post","type-post","status-publish","format-standard","hentry","category-noticias"],"_links":{"self":[{"href":"https:\/\/www.desdegranada.com\/site\/index.php?rest_route=\/wp\/v2\/posts\/440","targetHints":{"allow":["GET"]}}],"collection":[{"href":"https:\/\/www.desdegranada.com\/site\/index.php?rest_route=\/wp\/v2\/posts"}],"about":[{"href":"https:\/\/www.desdegranada.com\/site\/index.php?rest_route=\/wp\/v2\/types\/post"}],"author":[{"embeddable":true,"href":"https:\/\/www.desdegranada.com\/site\/index.php?rest_route=\/wp\/v2\/users\/1"}],"replies":[{"embeddable":true,"href":"https:\/\/www.desdegranada.com\/site\/index.php?rest_route=%2Fwp%2Fv2%2Fcomments&post=440"}],"version-history":[{"count":0,"href":"https:\/\/www.desdegranada.com\/site\/index.php?rest_route=\/wp\/v2\/posts\/440\/revisions"}],"wp:attachment":[{"href":"https:\/\/www.desdegranada.com\/site\/index.php?rest_route=%2Fwp%2Fv2%2Fmedia&parent=440"}],"wp:term":[{"taxonomy":"category","embeddable":true,"href":"https:\/\/www.desdegranada.com\/site\/index.php?rest_route=%2Fwp%2Fv2%2Fcategories&post=440"},{"taxonomy":"post_tag","embeddable":true,"href":"https:\/\/www.desdegranada.com\/site\/index.php?rest_route=%2Fwp%2Fv2%2Ftags&post=440"}],"curies":[{"name":"wp","href":"https:\/\/api.w.org\/{rel}","templated":true}]}}