{"id":441,"date":"2021-10-23T19:44:37","date_gmt":"2021-10-23T19:44:37","guid":{"rendered":"https:\/\/www.desdegranada.com\/site\/?p=441"},"modified":"2021-10-23T19:44:37","modified_gmt":"2021-10-23T19:44:37","slug":"asi-va-la-vacunacion-contra-el-covid-19-en-granada","status":"publish","type":"post","link":"https:\/\/www.desdegranada.com\/site\/?p=441","title":{"rendered":"As\u00ed va la vacunaci\u00f3n contra el covid 19 en Granada"},"content":{"rendered":"<p style=\"text-align: justify;\">De esta manera, el avance que ha tenido el proceso de vacunaci\u00f3n tanto en el departamento como en el pa\u00eds, se ha visto reflejado tambi\u00e9n en las cifras del nivel local despu\u00e9s de alcanzar un importante porcentaje de poblaci\u00f3n vacunada a lo largo del presente a\u00f1o. Se han vacunado un 50.75% de los al menos 6.941 granadinos que se espera vacunar.<\/p>\n<p style=\"text-align: justify;\">La entrada al municipio de f\u00e1rmacos de los distintos laboratorios fabricantes, ha posibilitado suministrar el inmunol\u00f3gico a m\u00e1s grupos poblacionales de la localidad.<\/p>\n<p style=\"text-align: justify;\"><img loading=\"lazy\" decoding=\"async\" src=\"images\/Vacunacin_octubre_2021.jpg\" alt=\"\" width=\"750\" height=\"439\" \/><\/p>\n<p style=\"text-align: justify;\">\u201cEn estos momentos estamos vacunando a los ni\u00f1os de 12 a\u00f1os en adelante\u201d, dijo Eneida Palacio, vacunadora del Hospital Padre Clemente Giraldo. Adem\u00e1s, explic\u00f3: \u201cse le est\u00e1 aplicando vacuna del laboratorio Pfizer y Moderna. Por el momento estamos a la espera de que llegue la vacuna para seguir con esa poblaci\u00f3n, pero ya la hemos estado vacunando, inclusive ya algunos tienen la segunda dosis de Pfizer\u201d.<\/p>\n<p style=\"text-align: justify;\">Esto ha permitido tambi\u00e9n continuar con la aplicaci\u00f3n de segundas y terceras dosis, y pr\u00f3ximamente se estar\u00e1n llevando a cabo jornadas de vacunaci\u00f3n en la instituci\u00f3n educativa para dar cobertura a toda la poblaci\u00f3n joven. En el caso espec\u00edfico de las terceras dosis, aplica para adultos de 70 a\u00f1os en adelante que hayan recibido la segunda dosis hace 6 meses. \u201cTenemos ya las vacunas para esa poblaci\u00f3n\u201d, dijo la vacunadora.<\/p>\n<p style=\"text-align: justify;\">A la fecha faltan por acceder al inmunol\u00f3gico las personas que han rechazado la vacuna y una parte importante de adultos entre 40 y 50 a\u00f1os, poblaci\u00f3n priorizada con la que se ha presentado un atraso significativo.<\/p>\n","protected":false},"excerpt":{"rendered":"<p style=\"text-align: justify;\">8.352 vacunas contra el covid 19 han recibido las autoridades de salud de Granada desde el inicio de la vacunaci\u00f3n hasta el d\u00eda de hoy. De esta cifra, se han aplicado 3.781 primeras dosis, 2.145 segundas dosis y 1.377 dosis \u00fanicas, restando por aplicar 1.049 dosis.<\/p>\n","protected":false},"author":1,"featured_media":0,"comment_status":"open","ping_status":"open","sticky":false,"template":"","format":"standard","meta":{"footnotes":""},"categories":[19],"tags":[],"class_list":["post-441","post","type-post","status-publish","format-standard","hentry","category-noticias"],"_links":{"self":[{"href":"https:\/\/www.desdegranada.com\/site\/index.php?rest_route=\/wp\/v2\/posts\/441","targetHints":{"allow":["GET"]}}],"collection":[{"href":"https:\/\/www.desdegranada.com\/site\/index.php?rest_route=\/wp\/v2\/posts"}],"about":[{"href":"https:\/\/www.desdegranada.com\/site\/index.php?rest_route=\/wp\/v2\/types\/post"}],"author":[{"embeddable":true,"href":"https:\/\/www.desdegranada.com\/site\/index.php?rest_route=\/wp\/v2\/users\/1"}],"replies":[{"embeddable":true,"href":"https:\/\/www.desdegranada.com\/site\/index.php?rest_route=%2Fwp%2Fv2%2Fcomments&post=441"}],"version-history":[{"count":0,"href":"https:\/\/www.desdegranada.com\/site\/index.php?rest_route=\/wp\/v2\/posts\/441\/revisions"}],"wp:attachment":[{"href":"https:\/\/www.desdegranada.com\/site\/index.php?rest_route=%2Fwp%2Fv2%2Fmedia&parent=441"}],"wp:term":[{"taxonomy":"category","embeddable":true,"href":"https:\/\/www.desdegranada.com\/site\/index.php?rest_route=%2Fwp%2Fv2%2Fcategories&post=441"},{"taxonomy":"post_tag","embeddable":true,"href":"https:\/\/www.desdegranada.com\/site\/index.php?rest_route=%2Fwp%2Fv2%2Ftags&post=441"}],"curies":[{"name":"wp","href":"https:\/\/api.w.org\/{rel}","templated":true}]}}