{"id":442,"date":"2021-10-23T20:50:01","date_gmt":"2021-10-23T20:50:01","guid":{"rendered":"https:\/\/www.desdegranada.com\/site\/?p=442"},"modified":"2021-10-23T20:50:01","modified_gmt":"2021-10-23T20:50:01","slug":"comunidad-granadina-se-manifesto-en-contra-del-asesinato-de-los-cuatro-jovenes-sanrafaelitas","status":"publish","type":"post","link":"https:\/\/www.desdegranada.com\/site\/?p=442","title":{"rendered":"Comunidad granadina se manifest\u00f3 en contra del asesinato de los cuatro j\u00f3venes sanrafaelitas"},"content":{"rendered":"<p style=\"text-align: justify;\"><strong><em>\u00bfLimpieza social? Con sangre no se limpia nada.<\/em><\/strong> Ese fue uno de los tantos textos con los que la comunidad granadina sali\u00f3 a las calles este viernes 22 de octubre para solidarizarse con los habitantes de San Rafael, localidad que est\u00e1 de luto luego del asesinato de cuatro de sus hijos, todos ellos j\u00f3venes artistas.<\/p>\n<p style=\"text-align: justify;\"><img loading=\"lazy\" decoding=\"async\" src=\"images\/Marcha_solidaridad_San_Rafael_.jpg\" alt=\"\" width=\"750\" height=\"439\" \/><\/p>\n<p style=\"text-align: justify;\">\u201cTodos somos un mismo territorio y somos Colombia. Nos estamos manifestando en contra de los asesinatos sistem\u00e1ticos que se han venido presentando no solamente en el Oriente Antioque\u00f1o, los asesinatos del Cauca, de los l\u00edderes sociales asesinados. Total rechazo a todas estas desapariciones, a todos estos asesinatos\u201d, expresaba Dahiana Zuluaga, habitante del municipio.<\/p>\n<p style=\"text-align: justify;\">Blanca Nohora Ossa por su parte manifestaba: \u201ctodos nos sentimos tocados, no entendemos por qu\u00e9 este pa\u00eds es capaz de acallar la voz de los j\u00f3venes\u201d.<\/p>\n<p style=\"text-align: justify;\">Despu\u00e9s del recorrido, los participantes de este acto se congregaron en el Parque de la Vida, el lugar de encuentro no pod\u00eda ser otro. All\u00ed, con m\u00fasica, poes\u00eda y otras expresiones art\u00edsticas, los granadinos reafirmaron su rechazo a la guerra y de nuevo, mostraron su intenci\u00f3n de seguir trabajando en favor de la vida, del respeto a la diferencia.<\/p>\n<p style=\"text-align: justify;\"><img decoding=\"async\" src=\"images\/Marcha_solidaridad_San_Rafael_2.jpg\" alt=\"\" \/><\/p>\n<p style=\"text-align: justify;\">Cuatro globos que representaban a Cristian Esteven, Elkin Emilio, Santiago Guar\u00edn y Santiago Cobo, se elevaron sobre el cielo granadino al final del acto simb\u00f3lico, y en palabras de los granadinos un mensaje claro, un solo deseo, que es el de todos los colombianos: Queremos vivir en PAZ.<\/p>\n<p style=\"text-align: justify;\">\u201cNo queremos m\u00e1s muerte, no queremos que est\u00e9n asesinando los j\u00f3venes, que est\u00e9n acabando con la vida, y lo m\u00e1s triste, que la sociedad justifiquemos y naturalicemos la violencia. No queremos m\u00e1s dolor ni m\u00e1s mam\u00e1s llorando a sus hijos ni m\u00e1s hermanos llorando a sus familiares\u201d, dec\u00eda Gloria Quintero, mientras que Nohora dirig\u00eda su clamor a la institucionalidad nacional: \u201cpor favor, Estado Colombiano, tome en serio la paz, queremos la paz, el pueblo quiere la paz. No se hagan los sordos que la paz es el camino\u201d.<\/p>\n<p style=\"text-align: justify;\"><iframe loading=\"lazy\" src=\"\/\/www.youtube.com\/embed\/czYy9Iaozn8\" width=\"560\" height=\"314\" allowfullscreen=\"allowfullscreen\"><\/iframe><\/p>\n","protected":false},"excerpt":{"rendered":"<p style=\"text-align: justify;\">Llevando velas encendidas y pancartas, coreando c\u00e1nticos en favor de la vida y disfrutando del acompa\u00f1amiento de la chirim\u00eda de la casa de la cultura durante un recorrido por las principales calles del municipio, ni\u00f1os, j\u00f3venes y adultos se unieron para rechazar una vez m\u00e1s la violencia que no mengua en el pa\u00eds, y que, nuevamente se ha hecho presente en la regi\u00f3n del Oriente Antioque\u00f1o.<\/p>\n","protected":false},"author":1,"featured_media":0,"comment_status":"open","ping_status":"open","sticky":false,"template":"","format":"standard","meta":{"footnotes":""},"categories":[19],"tags":[],"class_list":["post-442","post","type-post","status-publish","format-standard","hentry","category-noticias"],"_links":{"self":[{"href":"https:\/\/www.desdegranada.com\/site\/index.php?rest_route=\/wp\/v2\/posts\/442","targetHints":{"allow":["GET"]}}],"collection":[{"href":"https:\/\/www.desdegranada.com\/site\/index.php?rest_route=\/wp\/v2\/posts"}],"about":[{"href":"https:\/\/www.desdegranada.com\/site\/index.php?rest_route=\/wp\/v2\/types\/post"}],"author":[{"embeddable":true,"href":"https:\/\/www.desdegranada.com\/site\/index.php?rest_route=\/wp\/v2\/users\/1"}],"replies":[{"embeddable":true,"href":"https:\/\/www.desdegranada.com\/site\/index.php?rest_route=%2Fwp%2Fv2%2Fcomments&post=442"}],"version-history":[{"count":0,"href":"https:\/\/www.desdegranada.com\/site\/index.php?rest_route=\/wp\/v2\/posts\/442\/revisions"}],"wp:attachment":[{"href":"https:\/\/www.desdegranada.com\/site\/index.php?rest_route=%2Fwp%2Fv2%2Fmedia&parent=442"}],"wp:term":[{"taxonomy":"category","embeddable":true,"href":"https:\/\/www.desdegranada.com\/site\/index.php?rest_route=%2Fwp%2Fv2%2Fcategories&post=442"},{"taxonomy":"post_tag","embeddable":true,"href":"https:\/\/www.desdegranada.com\/site\/index.php?rest_route=%2Fwp%2Fv2%2Ftags&post=442"}],"curies":[{"name":"wp","href":"https:\/\/api.w.org\/{rel}","templated":true}]}}