{"id":443,"date":"2021-11-08T16:34:29","date_gmt":"2021-11-08T16:34:29","guid":{"rendered":"https:\/\/www.desdegranada.com\/site\/?p=443"},"modified":"2021-11-08T16:34:29","modified_gmt":"2021-11-08T16:34:29","slug":"un-recorrido-por-la-vida-de-don-gustavo-montes-el-lotero-del-pueblo","status":"publish","type":"post","link":"https:\/\/www.desdegranada.com\/site\/?p=443","title":{"rendered":"Un recorrido por la vida de don Gustavo Montes, el lotero del pueblo"},"content":{"rendered":"<p style=\"text-align: justify;\">El d\u00eda que las FARC se tom\u00f3 y destruy\u00f3 el pueblo, precisamente cuando son\u00f3 la bomba en la variante, \u00e9l estaba abriendo la puerta de la casa, que queda ubicada por el sector Cristo Rey, en la salida hacia Medell\u00edn, un segundo piso. Me cont\u00f3 que fue tanto el susto cuando sinti\u00f3 la explosi\u00f3n que subi\u00f3 las escaleras de su casa cual si fuera un papel que se lleva el viento.<\/p>\n<p style=\"text-align: justify;\">A partir de ese d\u00eda comenz\u00f3 a dificult\u00e1rsele la escucha y actualmente tiene unos aparatos que le ayudan a o\u00edr mejor lo que las dem\u00e1s personas dicen. Antes de iniciar la entrevista me advierte que debo ser muy paciente con \u00e9l precisamente por eso.<\/p>\n<p style=\"text-align: justify;\">Es un hombre tranquilo, as\u00ed es el estilo de vida de don Gustavo \u2018el pap\u00e1 de los Monte-Rico\u2019, pero no son Monte \u2013 Rico: son Montes Rico por el apellido de su se\u00f1ora Margarita Rico oriunda de Buena Vista, Quind\u00edo.<\/p>\n<p style=\"text-align: justify;\"><img loading=\"lazy\" decoding=\"async\" src=\"images\/Gustavo_Lotero_1.jpg\" alt=\"\" width=\"750\" height=\"439\" \/><\/p>\n<p style=\"text-align: justify;\">Despu\u00e9s de salir de la vereda Los Planes, se aventur\u00f3 a trabajar como campesino en el eje cafetero, y all\u00e1 conoci\u00f3 a Margarita, se enamor\u00f3 y, luego en Caicedonia, se cas\u00f3 con ella y tuvo 6 hijos.<\/p>\n<p style=\"text-align: justify;\">Fue chivero, ten\u00eda un carro al estilo willys, y transport\u00f3 varios campesinos en Granada, conoci\u00f3 las entra\u00f1as del pueblo, casi que cada rinc\u00f3n fue visitado por \u00e9l. Su vida est\u00e1 dividida en etapas y tiene medido el tiempo que dur\u00f3 cada una de ellas. En el Quind\u00edo, vivi\u00f3 varios a\u00f1os, cuando me quiere dar la respuesta de cuantos a\u00f1os vivi\u00f3 all\u00e1, el hombre saca su calculadora al mejor estilo de los chanceros, y hace cuentas para no decir datos que no son.\u00a0 \u00a0<\/p>\n<p style=\"text-align: justify;\"><img loading=\"lazy\" decoding=\"async\" src=\"images\/Gustavo_Lotero_2.jpg\" alt=\"\" width=\"750\" height=\"439\" \/><\/p>\n<p style=\"text-align: justify;\">Respira profundo y dice: me llamo Montes Giraldo Gustavo Ad\u00e1n, ese es su nombre completo. Lo dijo entonado, con disciplina, como si fuera un militar. Cuando volvi\u00f3 a Granada se dedic\u00f3 al chance y la loter\u00eda, era el coordinador. En ese entonces el chance era manual y \u00e9l se encargaba de recibir las loter\u00edas de todos los chanceros que hab\u00eda en el pueblo. El reconocido granero \u2018El Tigre\u2019 tambi\u00e9n fue administrado por \u00e9l.<\/p>\n<p style=\"text-align: justify;\">Sus trabajos han servido para relacionarse con los dem\u00e1s, por eso conoce muy bien a los granadinos. De las cosas que m\u00e1s resalta de sus paisanos est\u00e1 la amabilidad y el servicio.<\/p>\n<p>\u00a0<\/p>\n<p>\u00a0<\/p>\n<p>\u00a0<\/p>\n","protected":false},"excerpt":{"rendered":"<p style=\"text-align: justify;\">En los potreros de la vereda Los Planes todav\u00eda se escuchan los gritos que le pegaba la mam\u00e1 a don Gustavo Montes. Era una relaci\u00f3n tan buena que se comunicaban de monta\u00f1a a monta\u00f1a, por suerte para los dos, ella ten\u00eda buenos pulmones y \u00e9l un buen o\u00eddo.<\/p>\n","protected":false},"author":1,"featured_media":0,"comment_status":"open","ping_status":"open","sticky":false,"template":"","format":"standard","meta":{"footnotes":""},"categories":[20],"tags":[],"class_list":["post-443","post","type-post","status-publish","format-standard","hentry","category-columnistas"],"_links":{"self":[{"href":"https:\/\/www.desdegranada.com\/site\/index.php?rest_route=\/wp\/v2\/posts\/443","targetHints":{"allow":["GET"]}}],"collection":[{"href":"https:\/\/www.desdegranada.com\/site\/index.php?rest_route=\/wp\/v2\/posts"}],"about":[{"href":"https:\/\/www.desdegranada.com\/site\/index.php?rest_route=\/wp\/v2\/types\/post"}],"author":[{"embeddable":true,"href":"https:\/\/www.desdegranada.com\/site\/index.php?rest_route=\/wp\/v2\/users\/1"}],"replies":[{"embeddable":true,"href":"https:\/\/www.desdegranada.com\/site\/index.php?rest_route=%2Fwp%2Fv2%2Fcomments&post=443"}],"version-history":[{"count":0,"href":"https:\/\/www.desdegranada.com\/site\/index.php?rest_route=\/wp\/v2\/posts\/443\/revisions"}],"wp:attachment":[{"href":"https:\/\/www.desdegranada.com\/site\/index.php?rest_route=%2Fwp%2Fv2%2Fmedia&parent=443"}],"wp:term":[{"taxonomy":"category","embeddable":true,"href":"https:\/\/www.desdegranada.com\/site\/index.php?rest_route=%2Fwp%2Fv2%2Fcategories&post=443"},{"taxonomy":"post_tag","embeddable":true,"href":"https:\/\/www.desdegranada.com\/site\/index.php?rest_route=%2Fwp%2Fv2%2Ftags&post=443"}],"curies":[{"name":"wp","href":"https:\/\/api.w.org\/{rel}","templated":true}]}}