{"id":444,"date":"2021-11-08T17:11:11","date_gmt":"2021-11-08T17:11:11","guid":{"rendered":"https:\/\/www.desdegranada.com\/site\/?p=444"},"modified":"2021-11-08T17:11:11","modified_gmt":"2021-11-08T17:11:11","slug":"un-sueno-se-cumplio-otro-murio-con-el","status":"publish","type":"post","link":"https:\/\/www.desdegranada.com\/site\/?p=444","title":{"rendered":"Un sue\u00f1o se cumpli\u00f3, otro muri\u00f3 con \u00e9l"},"content":{"rendered":"<p style=\"text-align: justify;\">Por: Hugo de Jes\u00fas Tamayo.<\/p>\n<p style=\"text-align: justify;\">El 18 de junio lleg\u00f3 un mensaje a mi correo: <em>Estamos listos para cumplir sue\u00f1os, Nairo estar\u00e1 en Europa hasta el 20 de julio\u00a0y despu\u00e9s estar\u00e1 en Tokio, llegar\u00e1\u00a0a finales de Julio a Colombia. \u00bf<\/em><em>C\u00f3mo podemos contactar a los padres o con qui\u00e9n podemos coordinar la log\u00edstica?<\/em> Este mensaje lo enviaba Luisa R\u00edos, la m\u00e1nager de Nairo Quintana, dos d\u00edas despu\u00e9s de haberse publicado una cr\u00f3nica que se refer\u00eda al sue\u00f1o de Javiercito de conocer al campe\u00f3n del Giro de Italia 2014. Lo \u00fanico que ped\u00eda Nairo \u2212inform\u00f3 la manager\u2212 era que no hubiera prensa.<\/p>\n<p style=\"text-align: justify;\">El lunes 02 de agosto me llegaron varios mensajes a mi WhatsApp de parte de Luisa: <em>Oye, quiero llevar a Nairo el jueves a Granada a visitar a Javier. \u00bfSer\u00e1 posible? \u00bfCon qui\u00e9n lo puedo coordinar? Ser\u00eda en la ma\u00f1ana. Es lograr que Nairo viaje en el primer vuelo a Medell\u00edn. \u00bfCu\u00e1nto hay de Rionegro a Granada? La idea es estar una horita, qui\u00e9n nos reciba en Granada y nos lleve a la casa de Javier<\/em> \u2212y termin\u00f3 los mensajes con la misma advertencia que inicialmente hab\u00eda expuesto\u2212: <em>Por el respeto a la familia de Javier y por Nairo, no queremos prensa<\/em>.<\/p>\n<p style=\"text-align: justify;\">El jueves 05 de agosto a las 6:36 a. m. recib\u00ed otro mensaje de Luisa: <em>Hola, buenos d\u00edas. Ya estamos llegando<\/em>. \u2212Y, en unos minutos m\u00e1s, me llam\u00f3 y me dijo\u2212: <em>Vamos por la entrada al pueblo en una camioneta blanca. Esto es como el cementerio<\/em>.<\/p>\n<p style=\"text-align: justify;\">En la esquina de la primera calle que se cruza con la variante, la v\u00eda principal que atraviesa el municipio, esper\u00e9 la camioneta donde vendr\u00eda Nairo. Inmediatamente la identifiqu\u00e9 y le hice se\u00f1as, el veh\u00edculo se detuvo. S\u00fabase, me pidi\u00f3 uno de los pasajeros. Buenos d\u00edas, dije para todos. Desde la silla de adelante contestaron el saludo Nairo y el conductor. \u201cElla es Paola, la esposa de Nairo, y yo soy Luisa\u201d, se\u00f1al\u00f3 la m\u00e1nager del ciclista despu\u00e9s de saludar.<\/p>\n<p style=\"text-align: justify;\">Luego de acomodarme al lado de las dos pasajeras en la parte trasera, Luisa me expres\u00f3: \u201cEst\u00e1 muy temprano para ir a la casa del ni\u00f1o, \u00bfd\u00f3nde nos tomamos algo primero?\u201d. Vamos al kiosco, le suger\u00ed. Y, cuando el veh\u00edculo sigui\u00f3 su recorrido, mi preocupaci\u00f3n, en el momento de que nos baj\u00e1ramos, era que alguien identificara a Quintana. \u201c\u00c9l solo quiere cumplirle el sue\u00f1o al ni\u00f1o\u201d, me lo dijo la m\u00e1nager en repetidas ocasiones.<\/p>\n<p style=\"text-align: justify;\">Los guie hasta la plaza principal del municipio. Nairo, antes de bajarse de la camioneta se acomod\u00f3 bien el tapabocas y la cachucha. Luego descendimos y continuamos camino al kiosco. Quintana no dejaba de mirar a todos lados como tomando una panor\u00e1mica a las casas y edificios que hay alrededor del parque principal. \u00c9l caminaba y de vez en cuando suspend\u00eda los pasos para no perder detalle. Sin af\u00e1n llegamos al kiosco. Inmediatamente los dem\u00e1s tomamos asiento en una mesa y pedimos manzanilla \u2212que yo recomend\u00e9 porque aqu\u00ed en Granada se hace de forma natural, solo se hierve la planta con la panela\u2212, el campe\u00f3n, que segu\u00eda barriendo con su mirada esta parte del pueblo, despu\u00e9s de mirar el edificio del parque educativo, gir\u00f3 la cabeza hacia la izquierda y fijando sus ojos en la entrada al templo, dijo: \u201cVoy a ir a la iglesia un momentico\u201d.<\/p>\n<p style=\"text-align: justify;\">Menos mal que la noticia de esta visita no se filtr\u00f3, le dije a Luisa como para romper el hielo mientras sabore\u00e1bamos la manzanilla. \u201c\u00a1Uy!, Nairo me mata \u2212me contest\u00f3 ella y a la vez me solicit\u00f3\u2212: h\u00e1game el favor y me acompa\u00f1a a la tienda a comprar algunas cositas para llevarle a Javiercito y su familia\u201d. All\u00e1 me pidi\u00f3 asesor\u00eda sobre los gustos del ni\u00f1o y de algunas necesidades en esa casa, si las hubiere. Con un peque\u00f1o mercado en nuestras manos, regresamos al kiosco y ya Nairo estaba de vuelta. Lo acompa\u00f1amos a que se tomara la manzanilla, luego nos dirigimos a la camioneta y salimos rumbo al destino motivo del viaje.<\/p>\n<p style=\"text-align: justify;\">Al fondo a la derecha, le dije al conductor inmediatamente inici\u00f3 la marcha el veh\u00edculo. Subimos por la calle Boyac\u00e1, tomamos la variante, luego le ped\u00ed que girara a la izquierda. Este es el hospital, por esa esquina cruce de nuevo a la derecha \u2212indiqu\u00e9\u2212 y ya, esta v\u00eda lo lleva a la casa de Javiercito. Apenas subimos los 300 o 400 metros de la pendiente m\u00e1s inclinada y Nairo \u2212que hasta el momento solo hab\u00eda dicho dos frases: buenos d\u00edas y voy a ir a la iglesia un momentico\u2212, dirigiendo la mirada a la monta\u00f1a del otro lado, a su derecha, en cuya cima se encuentra una virgen en el primer cerro, a poco m\u00e1s de un kil\u00f3metro de haberse perdido la zona urbana del municipio, pregunt\u00f3: \u201c\u00bfEsa carretera para d\u00f3nde va?\u201d. Es la v\u00eda al municipio de San Carlos, le contest\u00e9. De nuevo el silencio se apodero del interior del veh\u00edculo, hasta que le dije al conductor: Al pie de esos estacones de madera, estaci\u00f3nese por favor. Esa es la casa del ni\u00f1o, dije se\u00f1alando la entrada.<\/p>\n<p style=\"text-align: justify;\">Corr\u00ed las tres guaduas \u2212las mismas que se usan para impedir que el ganado cambie de potrero, o por el contrario, para darle paso\u2212 que hacen de puerta del patio de la vivienda y uno a uno fuimos entrando, todos al pie de Nairo. Y como lo pidi\u00f3 el campe\u00f3n del Giro de Italia, solo estaba presente la familia.<\/p>\n<p style=\"text-align: justify;\"><img loading=\"lazy\" decoding=\"async\" src=\"images\/Crnica_Javiercito_2.jpg\" alt=\"\" width=\"750\" height=\"439\" \/><\/p>\n<p style=\"text-align: justify;\">\u2212Vinimos a visitarlo \u2212fueron las primeras palabras que Nairo le dirigi\u00f3 al ni\u00f1o apenas lo vio al fondo del corredor en la silla de ruedas.<\/p>\n<p style=\"text-align: justify;\">\u2212Qu\u00e9 felicidad. Dios le pague y le de el cielo \u2212le contest\u00f3 Javiercito.<\/p>\n<p style=\"text-align: justify;\">\u2212\u00bfSe lo imaginaba? \u2212indag\u00f3 Luisa.<\/p>\n<p style=\"text-align: justify;\">\u2212No \u2212dijo el ni\u00f1o con voz d\u00e9bil.<\/p>\n<p style=\"text-align: justify;\">\u2212\u00a1No! \u2212le repiti\u00f3 Luisa con una exclamaci\u00f3n para tratar de sacarle \u00e1nimos.<\/p>\n<p style=\"text-align: justify;\">\u2212No se\u00f1ora \u2212volvi\u00f3 a responder \u00e9l.<\/p>\n<p style=\"text-align: justify;\">\u2212\u00a1S\u00ed ve que los sue\u00f1os se hacen realidad! \u2212le repuso Luisa acerc\u00e1ndosele un poco m\u00e1s. Y le pregunt\u00f3\u2212: \u00bfComo ha estado pues?, cu\u00e9nteme.<\/p>\n<p style=\"text-align: justify;\">\u2212He estado muy desganado.<\/p>\n<p style=\"text-align: justify;\">\u2212Mire que \u00e9l (dirigi\u00e9ndose a Nairo) le meti\u00f3 ganas desde Tunja.<\/p>\n<p style=\"text-align: justify;\">Nairo, al notar el des\u00e1nimo de Javiercito, se par\u00f3 al frente de \u00e9l, a metro y medio o dos metros de distancia; con los pies un poco separados como para guardar el equilibrio y cruzado de brazos, le empez\u00f3 a hablar para darle moral. Pues se notaba que al ni\u00f1o las fuerzas lo hab\u00edan abandonado aquel d\u00eda. Y le dijo:<\/p>\n<p style=\"text-align: justify;\">\u2212Toca que le metas ganas. T\u00fa sabes c\u00f3mo son las carreras. Dios hace milagros. Creer lo que uno quiera creer y lo que uno crea, el se\u00f1or le concede. De verdad, mucha, mucha fuerza. Desde las dos de la ma\u00f1ana arrancamos para venir a verlo con mucha ilusi\u00f3n y pidi\u00e9ndole a Dios de que nos le d\u00e9 la vida. Que nos haga el milagro y que lo podamos ver corriendo de nuevo. Solo en tu cabeza est\u00e1 lo que t\u00fa quieres y como en cualquier carrera de la vida hay que luchar y hay que aferrarse para conseguir lo que uno desea.<\/p>\n<p style=\"text-align: justify;\">Luego de estas palabras, el campe\u00f3n del Giro de Italia se sent\u00f3 a su lado y antes de seguir la conversaci\u00f3n, dijo:<\/p>\n<p style=\"text-align: justify;\">\u2212\u00bfPor qu\u00e9 no lo corremos para que no le d\u00e9 el sol en la carita?<\/p>\n<p style=\"text-align: justify;\">\u2212Es que \u00e9l dijo que lo pusi\u00e9ramos aqu\u00ed en la silla \u2212repuso la madre de Javiercito\u2212. Ni siquiera se quer\u00eda levantar.<\/p>\n<p style=\"text-align: justify;\">\u2212\u00a1Aaaah, pero es que uno con una visita de estas qui\u00e9n no se levanta! \u2212intervino Luisa. Y ella, invitando a los dem\u00e1s acompa\u00f1antes a que se acercaran, les pidi\u00f3\u2212: \u00a1Entren, entren pa\u2019ca pa la sombra! Vea Javiercito, le presento a Paola, la se\u00f1ora de Nairo, y a Alfredo, su hermano (el conductor). Mejor dicho, vino toda la comitiva a saludarlo Javier.<\/p>\n<p style=\"text-align: justify;\">\u2212Dios le pague y les d\u00e9 el cielo \u2212respondi\u00f3 el ni\u00f1o como lo hizo en casi todo el encuentro.<\/p>\n<p style=\"text-align: justify;\">\u2212Hay que acomodarle bien el piececito. Est\u00e1 muy hinchado \u2212dijo Nairo levant\u00e1ndose y empez\u00f3 a correrle la silla\u2212.<\/p>\n<p style=\"text-align: justify;\">\u2212Qu\u00e9 quieres, t\u00fa mandas \u2212repuso Luisa inclin\u00e1ndose para ayudar a cambiarle de posici\u00f3n al ni\u00f1o.<\/p>\n<p style=\"text-align: justify;\">\u2212Ya, ah\u00ed est\u00e1 bien, dijo Javiercito y mientras los p\u00e1jaros en los pinos del potrero del frente con sus c\u00e1nticos amenizaban el momento, Nairo volvi\u00f3, tom\u00f3 asiento y le pregunt\u00f3:<\/p>\n<p style=\"text-align: justify;\">\u2212\u00bfRecuerdas la primera carrera que ganaste?<\/p>\n<p style=\"text-align: justify;\">\u2212Yo no me recuerdo.<\/p>\n<p style=\"text-align: justify;\">\u2212\u00bfNo te acuerdas c\u00f3mo ganaste?<\/p>\n<p style=\"text-align: justify;\">Como Luisa ya estaba viendo los galardones que hab\u00eda obtenido el ni\u00f1o, exhibidos en una repisa, dijo:<\/p>\n<p style=\"text-align: justify;\">\u2212Saquemos todos los trofeos para que nos cuente esas historias.<\/p>\n<p style=\"text-align: justify;\"><img loading=\"lazy\" decoding=\"async\" src=\"images\/Crnica_Javiercito_3.jpg\" alt=\"\" width=\"750\" height=\"439\" \/><\/p>\n<p style=\"text-align: justify;\">En total eran once trofeos que hab\u00eda coleccionado en su corta carrera deportiva. Los cogimos y los trasladamos: unos para una butaca al pie de Javiercito y otros en la mesa contigua a la silla de ruedas para que \u00e9l los apreciara. Ah\u00ed mismo mostr\u00f3 uno:<\/p>\n<p style=\"text-align: justify;\">\u2212Creo que fue ese \u2212se\u00f1al\u00f3\u2212. S\u00ed, ese fue.<\/p>\n<p style=\"text-align: justify;\">Inmediatamente Nairo lo tom\u00f3 en sus manos y ley\u00f3 el manuscrito impreso en \u00e9l:<\/p>\n<p style=\"text-align: justify;\">\u2212<em>Primer puesto Granada julio 20 de 2017 <\/em>\u2212y le pregunt\u00f3\u2212: \u00bfC\u00f3mo ganaste ah\u00ed ese d\u00eda?<\/p>\n<p style=\"text-align: justify;\">\u2212De <em>debuenas<\/em>.<\/p>\n<p style=\"text-align: justify;\">\u2212No, te lo ganaste.<\/p>\n<p style=\"text-align: justify;\">\u2212Casi no recuerdo.<\/p>\n<p style=\"text-align: justify;\">Para que el ni\u00f1o hiciera memoria de los premios ganados, yo le fui mostrando cada trofeo y, cuando le alcanc\u00e9 uno en especial, dijo:<\/p>\n<p style=\"text-align: justify;\">\u2212No, el primero fue este. Fue en septiembre de 2016 \u2212lo tom\u00f3 en sus manos y lo apreciaba como si lo acabara de recibir\u2212: me lo gan\u00e9 en Bello (Antioquia). Yo sal\u00ed normal de la meta, por ah\u00ed me ca\u00ed en un arenero. Ya despu\u00e9s yo me relaj\u00e9 en la carrera porque pens\u00e9 que hab\u00eda perdido y me la gan\u00e9.<\/p>\n<p style=\"text-align: justify;\">\u2212Cuando ganaste tu primera carrera \u2212intervino Luisa refiri\u00e9ndose a Nairo\u2212, fue ya viejito.<\/p>\n<p style=\"text-align: justify;\">\u2212Yo no recuerdo tampoco \u2212contest\u00f3 Nairo\u2212. Una de las primeras competencias que gan\u00e9, fue una contrarreloj en cronoescalada. Recuerdo que iba con mi hermano, pero \u00e9l era un poco m\u00e1s desganao y yo tuve una pelea con mi pap\u00e1 porque \u00e9l siempre me dec\u00eda que yo ten\u00eda que ayudarle a mi hermano y que le preparara la bicicleta. Luego hab\u00eda que ir a las panader\u00edas o por ah\u00ed en los comercios a ver qui\u00e9n le daba a uno el patrocinio de la inscripci\u00f3n. Finalmente lo conseguimos, ya comenc\u00e9 a hacer la carrera, me fui adelante con mucha rabia y en cada momento pensaba en lo injusto que hab\u00eda sido mi pap\u00e1 \u2212ese d\u00eda no le ayud\u00e9\u2212 y con m\u00e1s rabia pedaleaba fuerte, fuerte, fuerte y gan\u00e9 la contrarreloj. Eso fue como en el a\u00f1o 2006, m\u00e1s o menos.<\/p>\n<p style=\"text-align: justify;\">\u2212Qu\u00e9 diferencia, Javiercito \u2212intervino Luisa de nuevo\u2212, cuando Nairo ten\u00eda siete a\u00f1os no compet\u00eda, no ten\u00eda ni bicicleta. O sea que le llevas a\u00f1os de ventaja, Javier.<\/p>\n<p style=\"text-align: justify;\">\u2212La primera bicicleta la consegu\u00ed a los 15 a\u00f1os \u2212dijo Nairo\u2212 y ya hab\u00eda ni\u00f1os de 3 a\u00f1os montando y hasta hab\u00eda carreritas para esa edad. \u2212Y pregunt\u00f3\u2212: Javiercito, \u00bfcu\u00e1l es la carrera que m\u00e1s te ha gustado ganar?<\/p>\n<p style=\"text-align: justify;\">\u2212\u00bfEn d\u00f3nde?<\/p>\n<p style=\"text-align: justify;\">\u2212En todas las que has ganado.<\/p>\n<p style=\"text-align: justify;\">\u2212No me acuerdo. Y es que no me acuerdo ni d\u00f3nde me lo gan\u00e9.<\/p>\n<p style=\"text-align: justify;\">El anfitri\u00f3n gir\u00f3 su cabeza hacia la butaca y, al ver uno de los trofeos lo se\u00f1al\u00f3 y dijo:<\/p>\n<p style=\"text-align: justify;\">\u2212Aaaah, esta carrera.<\/p>\n<p style=\"text-align: justify;\">\u2212Le leo lo que dice aqu\u00ed \u2212dijo Nairo\u2212: <em>Segundo encuentro nacional escuela de ciclismo 2019. Primer puesto categor\u00eda escolares 2009, Aguadas junio 2 y 3 de 2019<\/em>.<\/p>\n<p style=\"text-align: justify;\">\u2212Cu\u00e9ntele pues la historia de esta carrera a Nairo \u2212le pidi\u00f3 la mam\u00e1 del ni\u00f1o.<\/p>\n<p style=\"text-align: justify;\">\u2212Esta carrera me gust\u00f3 mucho porque sal\u00edamos desde muy abajo. Eran dos carreras, pues, dos d\u00edas, la primera ven\u00eda yo ya llegando y se me pasaron casi en la meta; entonces ya despu\u00e9s, al otro d\u00eda nos soltaron de a uno cada 30 segundos, no me acuerdo bien, y yo sal\u00eda de pen\u00faltimo; entonces me alcanc\u00e9 al tercero y el otro no fue capaz de alcanzarme, el que se me pas\u00f3 el d\u00eda antes; entonces me gust\u00f3 mucho.<\/p>\n<p style=\"text-align: justify;\">\u2212Cuantos kil\u00f3metros eran \u2212pregunt\u00f3 Nairo.<\/p>\n<p style=\"text-align: justify;\">\u2212No s\u00e9 \u2212dijo \u00e9l.<\/p>\n<p style=\"text-align: justify;\">\u00a0<\/p>\n<p style=\"text-align: justify;\">*<\/p>\n<p style=\"text-align: justify;\">La conversaci\u00f3n pasaba de una experiencia a otra sin terminar el tema anterior. En repetidas ocasiones el ni\u00f1o contestaba: no me acuerdo, no s\u00e9\u2026 Y, a pesar de tener la c\u00e1nula conectada a sus fosas nasales, segu\u00eda respirando con dificultad. Luego Luisa interrumpi\u00f3 apareciendo con el regalo que le tra\u00edan. Ella se lo pas\u00f3 a Nairo y este se par\u00f3 mientras dec\u00eda:<\/p>\n<p style=\"text-align: justify;\">\u2212Vea Javiercito, le trajimos una camiseta del Giro de Italia.<\/p>\n<p style=\"text-align: justify;\">\u2212\u00bfT\u00fa sabes qu\u00e9 es esta camiseta? \u2212le pregunt\u00f3 Luisa.<\/p>\n<p style=\"text-align: justify;\">\u2212Esta camiseta es tu sue\u00f1o \u2212le explic\u00f3 Nairo\u2212. Te la trajimos para que siempre nos recuerdes y la tengas en el lugar m\u00e1s especial, para que te motive a seguir luchando por tu vida.<\/p>\n<p style=\"text-align: justify;\">\u2212Hazte al lado de \u00e9l \u2212le dijo Luisa a Quintana\u2212, yo les tomo una foto, que esto es para la posteridad, Javiercitooooo.<\/p>\n<p style=\"text-align: justify;\">Luisa, despu\u00e9s de esa \u201cO\u201d alargada, con una voz de esperanza, le pregunt\u00f3:<\/p>\n<p style=\"text-align: justify;\">\u2212\u00bfQuieres que te la firme? Obvio microbio \u2212respondi\u00f3 ella misma con una fuerte sonrisa, tratando, al igual que lo ven\u00eda haciendo Nairo, de extraerle alientos al ni\u00f1o. Luego, el campe\u00f3n del Giro se fue a buscar apoyo para poder firmarle la camiseta. Apenas le estamp\u00f3 la r\u00fabrica, volvi\u00f3 y se acerc\u00f3 a Javiercito, se la puso sobre sus piernas y en ese instante, cuando \u00e9l mir\u00f3 la <em>maglia rosa<\/em> extendida sobre su cuerpo con la dedicatoria: \u201c<em>Para Javiercito<\/em>. <em>Nairo Q\u201d<\/em> \u2212acompa\u00f1ado del aut\u00f3grafo\u2212, como un milagro, el ni\u00f1o cambi\u00f3 su expresi\u00f3n. Quintana tambi\u00e9n abandon\u00f3 la seriedad y le dijo:<\/p>\n<p style=\"text-align: justify;\">\u2212Casi no le sacamos una sonrisa. \u2212Ambos sonrieron y Javiercito pronunci\u00f3 de nuevo su repetida frase: \u201cDios le pague y le d\u00e9 el cielo, Nairo\u201d\u2212. Tiene que coloc\u00e1rsela y cuando se le acabe, nos dice, que le mandamos otra \u2212concluy\u00f3 Nairo.<\/p>\n<p style=\"text-align: justify;\"><img loading=\"lazy\" decoding=\"async\" src=\"images\/Crnica_Javiercito_4.jpg\" alt=\"\" width=\"750\" height=\"439\" \/><\/p>\n<p style=\"text-align: justify;\">\u2212Ay Javiercito, camiseta del Giro de Italia, campe\u00f3n. Es la que vas a tener alg\u00fan d\u00eda \u2212le vaticin\u00f3 Luisa.<\/p>\n<p style=\"text-align: justify;\">\u2212Tienes que luchar por ella. Que te siga dando fortaleza \u2212y volvi\u00f3 y dijo Nairo\u2212: Por lo menos te sacamos una sonrisa (y una carcajada se repiti\u00f3 en ese instante). Queremos verte feliz. Tienes que luchar todos los d\u00edas y pensar en lo que quieres. Te queremos volver a ver en las carreras como el luchador que eres.<\/p>\n<p style=\"text-align: justify;\">\u2212Y la mam\u00e1 qu\u00e9 cuenta pues \u2212dijo Luisa dirigi\u00e9ndose a Oliva.<\/p>\n<p style=\"text-align: justify;\">\u2212Yo, nada, que cuente el ni\u00f1o. Como yo no tengo nada que contar, toca que cuente \u00e9l. Ch\u00e1rlele pues a Nairo, mijo. Aprov\u00e9chelo que lo tiene ah\u00ed al pie \u2212le insist\u00eda su madre.<\/p>\n<p style=\"text-align: justify;\">Como Javiercito, despu\u00e9s de recibir el regalo, solo segu\u00eda con la mirada fija en la camiseta que ten\u00eda sobre sus piernas y, a la vez, la familia estaba atenta \u2212formando un semic\u00edrculo\u2212, escuch\u00e1ndole las historias a Nairo; entonces este, para hacer part\u00edcipe a todos de la conversaci\u00f3n, abandon\u00f3 la silla pl\u00e1stica, se par\u00f3 de espaldas contra los adobes que separan la cocina de la puerta a la entrada de una de las dos habitaciones de la humilde vivienda \u2212el ni\u00f1o lo sigui\u00f3 con la mirada\u2212, y empez\u00f3 a narrar una de las etapas que lo llev\u00f3 a coronarse campe\u00f3n del Giro de Italia en el a\u00f1o 2014:<\/p>\n<p style=\"text-align: justify;\">\u201cIba el quita nieves adelante, nosotros \u00edbamos atr\u00e1s en la carrera. Entonces le echan sal a la carretera para que el hielo no coja, pero queda siempre como agua nieve y un fr\u00edo terrible, terrible: menos 10 grados. O sea, no siente uno los dedos, no siente nada. En la parte de arriba era tan cruel la nevada que la carretera no se ve\u00eda. Nada, nada se ve\u00eda. Yo iba con los de adelante y me guiaba con la luz de la moto que marcaba como el recorrido. Los que no alcanzaban a ver la luz, se paraban, otros se quedaron congelados y se subieron al carro y otros se retiraron de la carrera. Ya despu\u00e9s a la organizaci\u00f3n le toco recuperar a esa gente que se hab\u00eda retirado porque todo fue muy cruel.<\/p>\n<p style=\"text-align: justify;\">Yo me iba a parar porque de hecho estaba enfermo y le dije a mi compa\u00f1ero, no, no puedo m\u00e1s. Yo me paro. No siento las manos, no siento nada. Y \u00e9l me dice, si te paras te retiras y si sigues ganar\u00e1s \u2212en ese instante Nairo parece que se percat\u00f3 de que Javiercito lo escuchaba atento y que no le quitaba la mirada de encima, entonces con m\u00e1s animo sigui\u00f3 contando detalles\u2212 y cuando yo dec\u00eda no puedo m\u00e1s, \u00e9l insist\u00eda: pedalea, pedalea fuerte, pedalea y vamos a seguir la luz de la moto. De hecho, uno no puede casi ni hablar, no puede comer, porque todo se queda congelado.<\/p>\n<p style=\"text-align: justify;\">Era todo congelado y de repente la moto se iba haciendo para alg\u00fan lado y ya cuando empezamos a ver por d\u00f3nde era la carretera, comenzamos a pedalear y yo le dec\u00eda a mi compa\u00f1ero \u2212espa\u00f1ol\u2212, voy helado, voy helado, no puedo m\u00e1s, y \u00e9l dec\u00eda s\u00ed, s\u00ed puedes. Solo pedalea y pedalea y vamos a seguir, porque vamos a ganar. Luego ya bajamos muy, muy r\u00e1pido (estaba demasiado mojada la carretera); despu\u00e9s segu\u00eda un valle y se hac\u00edan 30 kil\u00f3metros m\u00e1s o menos y luego una subida \u2212que se llama el alto de Val Martello\u2212 muy dura, dura, dura. Y nuevamente nieve y fr\u00edo, pero yo ya iba tan motivado y con todas las ganas que me quit\u00e9 pr\u00e1cticamente toda la ropa.<\/p>\n<p style=\"text-align: justify;\">Ese d\u00eda salimos con much\u00edsima ropa porque hac\u00eda un fr\u00edo tenaz; entonces uno se pone una camiseta interior, luego una camiseta de fr\u00edo, una camiseta de lluvia y luego una camisa de fr\u00edo m\u00e1s larga, que evita que le entre a uno el agua. Como llev\u00e1bamos tanta ropa ese d\u00eda para la carrera, dije: Ah, a m\u00ed me provoca no ponerme los n\u00fameros, porque con tanta ropa qui\u00e9n le va a ver los n\u00fameros, y si uno no lleva los n\u00fameros, lo pueden descalificar. Solo los voy a pegar con dos ganchos por si gano.<\/p>\n<p style=\"text-align: justify;\">Esa vez los otros lloraban antes de la salida, nooooooo, es que mire, no se puede. Y ellos (los organizadores) nos la hicieron porque el d\u00eda anterior me dijeron: bueno, \u00bfquiere que se haga la etapa o no? Y dije, si no es peligroso hag\u00e1mosla \u2212porque a lado y lado de la carretera hab\u00eda m\u00e1s de tres metros de nieve. Nosotros pas\u00e1bamos pr\u00e1cticamente como por t\u00faneles de nieve y el peligro era que con la vibraci\u00f3n del helic\u00f3ptero pod\u00eda haber una avalancha. Era terrible\u2212. Entonces unos compa\u00f1eros: no, usted por qu\u00e9 dijo que se hiciera, por qu\u00e9; y yo les dije, porque creo que vamos a ganar. Vamos a ganar y cuando los dem\u00e1s en este momento son d\u00e9biles, nosotros somos fuertes. Y unos lloraban, no, no, no. Entonces salimos todo el pelot\u00f3n y m\u00e1s adelante yo les dec\u00eda a los compa\u00f1eros: \u00a1Ataca, ataca! y nadie atacaba. Todo el mundo estaba congelado, con la cabeza muerta. Entonces, cuando yo le dec\u00eda que no soy capaz, que no puedo m\u00e1s, el compa\u00f1ero me dijo, ya llegamos hasta aqu\u00ed, hicimos todo, nos hiciste salir, ahora no te puedes rendir&#8230;\u201d.<\/p>\n<p style=\"text-align: justify;\">Y cuando Nairo dijo: \u201cY ganamos\u201d, Javiercito inclin\u00f3 su cabeza para descansar despu\u00e9s de haber escuchado esa experiencia, narrada de una forma tan r\u00e1pida como si fuera la historia de una persona perdida cuando la encuentran. Ah\u00ed s\u00ed dej\u00f3 de ser el Nairo parco, silencioso, callado. Pero el resto de la familia \u2212incluido Diego Iv\u00e1n Aristiz\u00e1bal, un exalcalde del municipio que lleg\u00f3 ah\u00ed a los pocos minutos de entrar todos nosotros\u2212 quer\u00edan que siguiera narrando historias y m\u00e1s historias. Entonces \u00e9l sigui\u00f3:<\/p>\n<p style=\"text-align: justify;\">\u201c\u2026 Pero es peor el fr\u00edo que el calor. Con el calor, pues uno puede sobrevivir, te echas agua, pierdes tiempo, pero con el fr\u00edo es que no sabes d\u00f3nde te puede quedar definitivamente tieso por la hipotermia\u2026 Ahora llegamos de Tokio, 38 grados. En Argentina, tambi\u00e9n, 40, 42 grados. Y en la vuelta a Espa\u00f1a, uno pasa y ha habido incendios a lado y lado de la carretera\u2026\u201d.<\/p>\n<p style=\"text-align: justify;\">Luego Nairo se retir\u00f3 hacia el lado del lavadero para observar el paisaje y los asistentes empezamos a posar a su lado para aprovechar el momento y tomarnos algunas fotos con \u00e9l. El exalcalde segu\u00eda haciendo videos \u2212claro, \u00e9l vio lo \u00edntimo de la visita y ya me hab\u00eda preguntado: \u201c\u00bfHugo, puedo grabar?\u201d. Pero no puede publicar nada hasta que toda la comitiva no haya abandonado el pueblo, le respond\u00ed\u2212.<\/p>\n<p style=\"text-align: justify;\">Despu\u00e9s de esta secci\u00f3n de fotograf\u00edas, Cristina, una hermana de Javiercito, le pas\u00f3 una silla al campe\u00f3n del Giro y le pregunt\u00f3:<\/p>\n<p style=\"text-align: justify;\">\u2212\u00bfQu\u00e9 desea, chocolate, caf\u00e9 o qu\u00e9 quiere que le hagamos?<\/p>\n<p style=\"text-align: justify;\">\u2212Si tienen aguapanela, mejor.<\/p>\n<p style=\"text-align: justify;\">\u2212Nosotros los paisas tomamos chocolate. \u00bfPor all\u00e1 no se ve el chocolate? \u2212le pregunt\u00f3 el ni\u00f1o, que parec\u00eda haberse animado un poco con las historias que escuch\u00f3 de parte de la visita.<\/p>\n<p style=\"text-align: justify;\">\u2212Chocolate s\u00ed, pero nosotros fuimos criados siempre con aguapanela, tampoco es que bebamos demasiado caf\u00e9. Chocolate un poco m\u00e1s, pero como lo hacen normalmente con leche, que me hace da\u00f1o, por eso tomo aguapanela.<\/p>\n<p style=\"text-align: justify;\">Mientras \u00e9l disfrutaba de la bebida con arepa de mote y quesito, empez\u00f3 a interactuar con las dem\u00e1s personas y entre muchas cosas, me pregunt\u00f3:<\/p>\n<p style=\"text-align: justify;\">\u2212\u00bfCosechan mucho la ca\u00f1a por aqu\u00ed?<\/p>\n<p style=\"text-align: justify;\">\u2212S\u00ed, es una regi\u00f3n muy panelera.<\/p>\n<p style=\"text-align: justify;\">\u2212\u00bfY qu\u00e9 m\u00e1s se cultiva?<\/p>\n<p style=\"text-align: justify;\">\u2212Caf\u00e9, hortalizas\u2026 Este pueblo es fr\u00edo pero la zona rural tiene los tres climas, por eso se da de todo. Por ejemplo, el frijol se cosecha en varias zonas.<\/p>\n<p style=\"text-align: justify;\">\u2212Y \u00bfsi es rentable?<\/p>\n<p style=\"text-align: justify;\">\u2212Pues yo siembro 10 u 11 kilos de semilla de frijol cargamento, que salen unas 5000 y pico de matas y en la primera cosecha dio casi 2 toneladas. Ya despu\u00e9s hice la cuenta y continu\u00f3 dando cada planta un promedio de 250 a 400 gramos, seg\u00fan el clima, la regularidad con que se abone y dem\u00e1s variables. Y el tiempo, depende de la zona y su temperatura. Por mi vereda, que es un poco templada, se da a los 3 meses. Pues, frijol verde todav\u00eda, que se coge con la vaina y se lleva a la plaza de mercado en bultos de 65 a 75 kilos.<\/p>\n<p style=\"text-align: justify;\">\u2212Veee, as\u00ed se deber\u00eda de hacer la cuenta con la papa en Boyac\u00e1 \u2212dijo mirando a Alfredo, su hermano\u2212, cu\u00e1nto da por mata. Tenemos papa hasta de un a\u00f1o que se demora para dar la cosecha. Yo soy un amante del campo, campesino, campesino. All\u00e1 comemos mucha papa. Y usted Javiercito, \u00bfqu\u00e9 es lo que m\u00e1s le gusta comer? \u2212le pregunt\u00f3 desde el otro lado del patio.<\/p>\n<p style=\"text-align: justify;\">\u2212Fr\u00edjoles con chicharr\u00f3n \u2212contest\u00f3 con un \u00e1nimo, como si en ese instante quisiera que le sirvieran un plato de esos, y a la vez, para que su interlocutor, que se encontraba a unos 5 o 6 metros de distancia, le escuchara bien clarito sus gustos, pues era su plato predilecto.<\/p>\n<p style=\"text-align: justify;\">\u2212En Boyac\u00e1 no se come mucho fr\u00edjol. Tampoco mucho chicharr\u00f3n.<\/p>\n<p style=\"text-align: justify;\">Despu\u00e9s de que Nairo se par\u00f3 en varias ocasiones para darle \u00e1nimos al ni\u00f1o \u2212algo que consigui\u00f3 en parte\u2212, entre ellas para firmarle y entregarle la camiseta y luego de compartir con la familia anfitriona, sin dejar ninguna duda a las preguntas que le hicieron, una hora y cuarto despu\u00e9s, los cuatro se fueron alistando para la salida.<\/p>\n<p style=\"text-align: justify;\">\u2212Bueno, nos vamos \u2212se\u00f1al\u00f3 Luisa cuando toda la comitiva estaba lista, parada al pie del corredor para regresarse\u2212. Y usted mi reina \u2212le dijo a la madre del ni\u00f1o mientras le sosten\u00eda la quijada queri\u00e9ndole levantar la cabeza\u2212, necesito que suba esa alma, ese \u00e1nimo, porque es que es usted la que debe de ser la m\u00e1s fuerte de todos. \u2212Mientras la madre escuchaba esas palabras, en silencio y sin levantar la cabeza, dejaba rodar las l\u00e1grimas por su rostro\u2212. Mam\u00e1, m\u00edrame \u2212le rogaba la m\u00e1nager del ciclista\u2212. A ver, muestre esos ojitos que tiene. Sonr\u00eda pues que es un d\u00eda \u00fanico. Vea ese ejemplo de Javiercito. Es ese esp\u00edritu que lo mantiene ah\u00ed.<\/p>\n<p style=\"text-align: justify;\">\u2212S\u00ed, es que \u00e9l dice que ya est\u00e1 aliviado. Que ya no le falta sino pararse a caminar y que ya \u2212respondi\u00f3 la madre con palabras entrecortadas.<\/p>\n<p style=\"text-align: justify;\">\u2212\u00a1Eso! \u2212contest\u00f3 Luisa\u2212. Y la mente lo puede todo.<\/p>\n<p style=\"text-align: justify;\">\u2212Hay que mantenerlo fuerte, pero vamos a trabajar nosotros \u2212agreg\u00f3 Nairo\u2212: Tenemos que seguir luchando y nos vamos a apersonar del tema a ver c\u00f3mo podemos ayudar.<\/p>\n<p style=\"text-align: justify;\">\u2212En la vida uno tiene amigos y contactos \u2212intervino Luisa de nuevo, dirigi\u00e9ndose a Jhoana, la hermana del ni\u00f1o que ha estado al tanto de la enfermedad de este\u2212. Nos gustar\u00eda mucho conocer muy bien el caso de \u00e9l y vale la pena de pronto buscar la opci\u00f3n de otro onc\u00f3logo o poner esto en manos de un comit\u00e9 m\u00e9dico a ver c\u00f3mo nos pueden ayudar. Luego estamos hablando de eso. Mucha fortaleza. \u2212Y, con esta \u00faltima frase dieron todos media vuelta. Yo los acompa\u00f1\u00e9.<\/p>\n<p style=\"text-align: justify;\">\u2212Que much\u00edsimas gracias, que mi Dios me los bendiga. Les agradezco mucho el detalle. Me parece hermoso. Ni el ni\u00f1o se lo esperaba, y yo, pues mucho menos \u2212les dijo la madre del ni\u00f1o mientras se secaba las l\u00e1grimas y los cuatro visitantes caminaban sobre el patio de tierra para abandonar la casa. De nuevo cruzaron la cerca de guadua y \u201cestaremos super en contacto\u201d, les dijo Luisa mientras se sub\u00eda a la camioneta.<\/p>\n<p style=\"text-align: justify;\">Ella, ya en el interior, con una mano sosten\u00eda la puerta del veh\u00edculo abierta invit\u00e1ndome a subir. As\u00ed lo hice e inmediatamente la camioneta encendi\u00f3 el motor \u2212con la autorizaci\u00f3n de su m\u00e1nager\u2212, le pregunt\u00e9 a Nairo:<\/p>\n<p style=\"text-align: justify;\">\u2212\u00bfQu\u00e9 se siente al salir de su casa a una labor de estas?<\/p>\n<p style=\"text-align: justify;\">\u2212Es dif\u00edcil para m\u00ed. La verdad no es la primera vez, ha pasado en diferentes casos. Cuando es una persona as\u00ed, con tantos a\u00f1os por vivir, con tanta esperanza por vivir, me duele y claro que me afecta porque son cosas de la vida, no es la naturaleza. La naturaleza deber\u00eda ser morirse de viejo y estamos viendo a un ni\u00f1o que sufre much\u00edsimo f\u00edsica y sicol\u00f3gicamente con su enfermedad; porque es un deportista que quiere vivir, que quiere disfrutar la vida. Que cada d\u00eda que se levanta quiere llevar el coraz\u00f3n a mil y mirar a una persona as\u00ed tan limitada y ver como se le va yendo la vida d\u00eda a d\u00eda, es muy triste.<\/p>\n<p style=\"text-align: justify;\">\u2212\u00bfQu\u00e9 se lleva de esta visita?<\/p>\n<p style=\"text-align: justify;\">\u2212Son dos cosas: una, la labor, una obra que finalmente no sabemos qu\u00e9 puede suceder. Vinimos a saludarlo, a darle la fortaleza y que siga viviendo. Esa labor es un sentimiento de tranquilidad y de alegr\u00eda por \u00e9l, porque es un momento especial; pero por el otro lado, da mucho dolor porque no se sabe en qu\u00e9 momento \u00e9l pueda perder la vida y haberlo conocido, conocer su historia, conocer su familia; pues no es bonito para el recuerdo a futuro.<\/p>\n<p style=\"text-align: justify;\">\u2212Nairo, muchas gracias \u2212le dije, apagu\u00e9 mi grabadora y, apenas la camioneta lleg\u00f3 a la variante, le ped\u00ed al conductor el favor de que parara ah\u00ed. Me desped\u00ed y descend\u00ed del veh\u00edculo.<\/p>\n<p style=\"text-align: justify;\"><img loading=\"lazy\" decoding=\"async\" src=\"images\/Crnica_Javiercito_5.jpg\" alt=\"\" width=\"750\" height=\"439\" \/><\/p>\n<p style=\"text-align: justify;\">*<\/p>\n<p style=\"text-align: justify;\">\u201cB\u00e1jenme, b\u00e1jenme de aqu\u00ed\u201d.<\/p>\n<p style=\"text-align: justify;\">Estas fueron algunas de las palabras del ni\u00f1o \u2212que se encontraba acostado\u2212 cuando supo que Nairo ven\u00eda en camino.<\/p>\n<p style=\"text-align: justify;\">\u201cEs que ese d\u00eda mi hijo amaneci\u00f3 muy mal \u2212me narr\u00f3 Oliva esa tarde que regres\u00e9 a su casa\u2212, no quer\u00eda que lo movieran. Quer\u00eda que lo dejaran quieto, que \u00e9l estaba muy cansado. Nos toc\u00f3 decirle que es que era una sorpresa, que se ten\u00eda que levantar porque ven\u00eda la visita que tanto estaba so\u00f1ando. Es que vea, eran tantas las ganas de ver a ese se\u00f1or, que apenas le ment\u00e9 eso, ah\u00ed mismo peg\u00f3 el grito: \u00a1Quintana, Nairo Quintana. Que \u00e9l no me vea en la cama, p\u00e1remen ya. Si\u00e9ntemen, si\u00e9ntemen. P\u00e1semen pa la silla como sea, b\u00e1jenme, b\u00e1jenme de aqu\u00ed! y \u00e9l con esa colita rota, la espalda, los jarretes, esos tobillos como los ten\u00eda de horribles por el c\u00e1ncer, ya no se le dio nada que lo movi\u00e9ramos y lo cogimos entre el t\u00edo y yo como pudimos y lo pasamos para la silla. Es que a \u00e9l le choca mucho que lo vean en la cama. Qu\u00e9 proceso tan bravo pa poderlo organizar.<\/p>\n<p style=\"text-align: justify;\">Claro, pas\u00f3 la visita y como hizo un sobreesfuerzo, ah\u00ed mismo tan pronto arranc\u00f3 el carro, que lo llevaran pa la cama. All\u00e1 se qued\u00f3 fundido y estuvo un rato acostado. Y ya cuando despert\u00f3, cogi\u00f3 las cosas de Nairo: Que vea \u2212estaba con Camilo, un hermano de \u00e9l\u2212, que vea, pues, mostrando la otra camiseta, el llavero, y que mire la cachucha, que vea lo bonita, que mire todo lo que me regal\u00f3 cuando estaba en la cl\u00ednica. Que vea el esfero. Contento, contento mi muchacho. Entonces Camilo lo molest\u00f3: \u00bfusted est\u00e1 muy contento porque vino Nairo? Que, \u00a1ay!, que bueno haber cumplido este sue\u00f1o. Hace mucho tiempo que yo ten\u00eda ganas de conocerlo. Y feliz le mostr\u00f3 tambi\u00e9n la camiseta firmada que le trajo esa ma\u00f1ana. Y eso que bendito sea Dios, hoy estaba muy desanimado\u201d.<\/p>\n<p style=\"text-align: justify;\">Despu\u00e9s de hablar con la mam\u00e1, me le acerqu\u00e9 al ni\u00f1o y recordando las palabras del m\u00e9dico, \u201cdenle el gusto que m\u00e1s puedan\u2026\u201d, le dije:<\/p>\n<p style=\"text-align: justify;\">\u2212Bueno, Javiercito, ya cumpli\u00f3 el sue\u00f1o de conocer a Nairo y ahora&#8230;<\/p>\n<p style=\"text-align: justify;\">\u2212S\u00ed, ya falta es <em>la Liendra<\/em> \u2212me interrumpi\u00f3 sin esperar mi pregunta\u2212, que tambi\u00e9n prometi\u00f3 que iba a venir. Yo me entretengo mucho con los videos de \u00e9l, por eso quiero conocerlo.<\/p>\n<p style=\"text-align: justify;\">En d\u00edas anteriores cuando \u00e9l me hab\u00eda dicho de ese personaje, yo no entend\u00eda de qu\u00e9 o de qui\u00e9n se trataba, entonces abord\u00e9 a la madre y le dije en aquel entonces:<\/p>\n<p style=\"text-align: justify;\">\u2212Do\u00f1a Oliva, \u00bfqui\u00e9n es <em>la Liendra,<\/em> que su hijo desea tanto conocerla? \u2212Y ella con su voz arrastrada, de mujer de campo, manoteando y hablando con desgano, me respondi\u00f3:<\/p>\n<p style=\"text-align: justify;\">\u2212Ese es un bobo, un tonto ah\u00ed sin gracia que saca unos videos todos pendejos; pero el ni\u00f1o se la pasa todo el tiempo viendo esos videos y quiere conocerlo.<\/p>\n<p style=\"text-align: justify;\">Como en la cr\u00f3nica donde se publicaba el sue\u00f1o del ni\u00f1o de conocer a Nairo, estaba incluido este otro deseo; al mismo tiempo me empezaron a llegar mensajes por medio de las redes sociales \u2212incluso muchas personas me llamaban\u2212, ofreci\u00e9ndose para ser el puente con este otro personaje. En uno de los tantos mensajes, me enviaron un audio. Estos son algunos apartes: \u2026 <em>Hablamos ya con el m\u00e1nager de la Liendra y que s\u00ed, que de una, que \u00e9l est\u00e1 en Dub\u00e1i y llega el 20 de julio, entonces que despu\u00e9s del 20 de julio ellos llegan como sea all\u00e1 <\/em>(aqu\u00ed a Granada)<em>. Pero entonces necesito que me colabore con los datos del ni\u00f1o, a qui\u00e9n puedo llamar<\/em> <em>[\u2026] para mandarle esos datos al m\u00e1nager<\/em>.<\/p>\n<p style=\"text-align: justify;\">En vista de que ellos no se comunicaban, le ped\u00ed el favor a otro contacto, que era m\u00e1s cercano a m\u00ed, que lo volviera a intentar, entonces este me dijo: \u201cEs que ese man se gana 50 millones de pesos diarios y hay gente que pierde esa parte humana y se dedica solamente a conseguir plata, ojal\u00e1 y le dure como dice la canci\u00f3n, pero voy a hacer otro intento y le cuento\u201d, me dijo, reenvi\u00e1ndome el mensaje que escribi\u00f3 para el m\u00e1nager, en el que, entre otras cosas le comentaba: ..<em>. Qu\u00e9 pena, te voy a pedir un favor, pregunta si hay la posibilidad o si no para decirle a ese ni\u00f1o que no espere m\u00e1s. De veras me da pena con \u00e9l y su familia haberlo ilusionado [\u2026]. Se me hace necesario decirle a ese ni\u00f1o que todo fue una falsa ilusi\u00f3n\u2026<\/em><\/p>\n<p style=\"text-align: justify;\">La verdad, al ni\u00f1o no se le hab\u00eda asegurado cu\u00e1ndo pod\u00eda venir el personaje en menci\u00f3n, solo se le dijo que exist\u00eda la posibilidad y que varios amigos estaban en eso, pero el contacto de <em>la Liendra<\/em> contest\u00f3 con otro mensaje que igualmente me reenvi\u00f3 mi amigo: <em>\u2026 Cr\u00e9eme que s\u00ed, cr\u00e9eme que s\u00ed [\u2026], vos sabes c\u00f3mo son estos g\u00fcevones, papi, y tristemente por la hijueputa raz\u00f3n que le inhabilitaron la cuenta de Instagram <\/em>(a <em>la Liendra<\/em>)<em> g\u00fcev\u00f3n, entonces en este momento estamos full pegados de eso. Ma\u00f1ana que me vea de nuevo con \u00e9l, papi, le volvemos a meter candela a eso, \u00bflisto? Aqu\u00ed voy a poner el recordatorio para pegarle una llamadita a do\u00f1a Oliva<\/em>.<\/p>\n<p style=\"text-align: justify;\">Y efectivamente, el 17 de agosto, el m\u00e1nager llam\u00f3 a la madre de Javiercito para supuestamente coordinar el viaje, y como ella quer\u00eda que \u00e9l personalmente le diera la noticia al ni\u00f1o, entonces, \u201cle dije \u2212expres\u00f3 Oliva\u2212: Ll\u00e1meme en diez minutos que no estoy en la casa. Por favor me llama, \u00a1por favor!, que el ni\u00f1o quiere de verdad hablar con \u00e9l. Por favor, no me dejen esperando\u201d. Que s\u00ed, que h\u00e1gale.<\/p>\n<p style=\"text-align: justify;\">\u201cYo me vine corriendo para la casa y cuando llegu\u00e9, le dije a mi hijo: Papi, \u00bfsabe qui\u00e9n me llam\u00f3? Que qui\u00e9n. El m\u00e1nager de <em>la Liendra<\/em>, pero yo estaba donde mam\u00e1 y qued\u00f3 en llamar de nuevo en diez minutos. Esperemos a ver. Y el ni\u00f1o era pendiente, desespera\u00edto por ese tel\u00e9fono. Pasaron los minutos, la tarde completa, los d\u00edas y nada. Esta es la hora que no han pasado los diez minutos\u201d, me narr\u00f3 esta madre, d\u00edas despu\u00e9s, muy triste, mientras miraba a Javiercito que estaba escuchando atento a lo que la madre me dec\u00eda y que, como ella, segu\u00eda tan desilusionado.<\/p>\n<p style=\"text-align: justify;\">\u201cEs que \u00e9l ten\u00eda la fe de que ven\u00eda. Por ejemplo, eso entraba una llamada, \u00a1ah!, ese debe de ser el m\u00e1nager de <em>la Liendra<\/em> que est\u00e1 llamando. Dem\u00e1s que ya va a venir, \u00a1conteste, mam\u00e1, conteste rapidito! Y a los tres o cuatro d\u00edas le pregunt\u00e9: mijito, \u00bfusted todav\u00eda quiere que venga ese muchacho? S\u00ed, mam\u00e1, claro, ese es otro de los sue\u00f1os que me faltan para cumplir \u2212me contest\u00f3 el ni\u00f1o\u2212 como si supiera que los d\u00edas de \u00e9l estaban contados.<\/p>\n<p style=\"text-align: justify;\">Ya, como desilusionado, lo que manten\u00eda era mirando los regalos de Nairo y a muchas visitas se los mostraba todo orgulloso. Pero la camiseta rosada no se la puso nunca. No se la alcanz\u00f3 a estrenar. Yo le dije un d\u00eda: \u00bfse la va a medir? Y dizque, no mami, mire c\u00f3mo estoy de hinchado, eso se sabe que no me sirve\u201d.<\/p>\n<p style=\"text-align: justify;\">*<\/p>\n<p style=\"text-align: justify;\"><img loading=\"lazy\" decoding=\"async\" src=\"images\/Crnica_Javiercito_6.jpg\" alt=\"\" width=\"750\" height=\"439\" \/><\/p>\n<p style=\"text-align: justify;\">La m\u00e1nager de Nairo posteriormente se comunic\u00f3 para pedir la historia de Javiercito y cumplir con lo prometido el d\u00eda de la visita, pero la familia sigui\u00f3 la recomendaci\u00f3n de los m\u00e9dicos: que mejor no movieran m\u00e1s al ni\u00f1o, pues \u00e9l sufr\u00eda mucho con los traslados por su cuerpo tan deteriorado. Lo \u00fanico que deseaban era una silla de ruedas el\u00e9ctrica que a la vez le sirviera como cama para no atormentarlo m\u00e1s de la cama a la silla y de la silla a la cama, y tambi\u00e9n para poderlo sacar a pasear.<\/p>\n<p style=\"text-align: justify;\">Esta silla se empez\u00f3 a gestionar por medio de una cr\u00f3nica publicada en la p\u00e1gina de la emisora de aqu\u00ed del pueblo, http:\/\/www.desdegranada.com\/actualidad\/item\/373-ahora-es-una-silla-de-ruedas\u2212, pero dos d\u00edas despu\u00e9s de la publicaci\u00f3n, ya la silla no hac\u00eda falta.<\/p>\n<p style=\"text-align: justify;\">Los milagros de la comunicaci\u00f3n hicieron que Nairo Quintana le cumpliera el sue\u00f1o a Javiercito, pero el milagro no actu\u00f3 para el otro sue\u00f1o. El ni\u00f1o, incluso hasta unas 72 horas antes, apenas escuchaba repicar el tel\u00e9fono, gritaba: \u00a1\u201cMam\u00e1, conteste rapidito, conteste que debe de ser <em>la Liendra<\/em>\u201d! A los 20 d\u00edas de que el campe\u00f3n del Giro de Italia 2014, ese amante del campo, la papa y el aguapanela lo visitara, el cuerpo de Javiercito empez\u00f3 a ocupar la b\u00f3veda 203 del cementerio de Granada, Antioquia.<\/p>\n","protected":false},"excerpt":{"rendered":"<p style=\"text-align: justify;\">Uno de los sue\u00f1os de Javier Alejandro Pineda Salazar (Javiercito), un ni\u00f1o ciclista cuya carrera solo le dur\u00f3 poco m\u00e1s de 36 meses \u2212pues la enfermedad lo hizo retirar a los diez a\u00f1os de vida\u2212, era conocer a su \u00eddolo Nairo Quintana. Este campe\u00f3n le cumpli\u00f3 ese sue\u00f1o. Con lo otro que deseaba este ni\u00f1o exciclista, no ocurri\u00f3 lo mismo, pues el 25 de agosto pasado qued\u00f3 sepultado, al igual que su cuerpo, en la b\u00f3veda 203 del cementerio de Granada, Antioquia, su pueblo natal.<\/p>\n","protected":false},"author":1,"featured_media":0,"comment_status":"open","ping_status":"open","sticky":false,"template":"","format":"standard","meta":{"footnotes":""},"categories":[20],"tags":[],"class_list":["post-444","post","type-post","status-publish","format-standard","hentry","category-columnistas"],"_links":{"self":[{"href":"https:\/\/www.desdegranada.com\/site\/index.php?rest_route=\/wp\/v2\/posts\/444","targetHints":{"allow":["GET"]}}],"collection":[{"href":"https:\/\/www.desdegranada.com\/site\/index.php?rest_route=\/wp\/v2\/posts"}],"about":[{"href":"https:\/\/www.desdegranada.com\/site\/index.php?rest_route=\/wp\/v2\/types\/post"}],"author":[{"embeddable":true,"href":"https:\/\/www.desdegranada.com\/site\/index.php?rest_route=\/wp\/v2\/users\/1"}],"replies":[{"embeddable":true,"href":"https:\/\/www.desdegranada.com\/site\/index.php?rest_route=%2Fwp%2Fv2%2Fcomments&post=444"}],"version-history":[{"count":0,"href":"https:\/\/www.desdegranada.com\/site\/index.php?rest_route=\/wp\/v2\/posts\/444\/revisions"}],"wp:attachment":[{"href":"https:\/\/www.desdegranada.com\/site\/index.php?rest_route=%2Fwp%2Fv2%2Fmedia&parent=444"}],"wp:term":[{"taxonomy":"category","embeddable":true,"href":"https:\/\/www.desdegranada.com\/site\/index.php?rest_route=%2Fwp%2Fv2%2Fcategories&post=444"},{"taxonomy":"post_tag","embeddable":true,"href":"https:\/\/www.desdegranada.com\/site\/index.php?rest_route=%2Fwp%2Fv2%2Ftags&post=444"}],"curies":[{"name":"wp","href":"https:\/\/api.w.org\/{rel}","templated":true}]}}