{"id":445,"date":"2021-11-08T23:04:24","date_gmt":"2021-11-08T23:04:24","guid":{"rendered":"https:\/\/www.desdegranada.com\/site\/?p=445"},"modified":"2021-11-08T23:04:24","modified_gmt":"2021-11-08T23:04:24","slug":"granada-y-otros-procesos-musicales-de-batuta-se-reunieron-en-encuentro-regional-tras-casi-un-ano","status":"publish","type":"post","link":"https:\/\/www.desdegranada.com\/site\/?p=445","title":{"rendered":"Granada y otros procesos musicales de Batuta se reunieron en encuentro regional tras casi un a\u00f1o"},"content":{"rendered":"<p style=\"text-align: justify;\">M\u00e1s de cien estudiantes participaron de este encuentro, en el que tuvieron la oportunidad de mostrar nuevamente, y luego de casi un a\u00f1o, sus habilidades para interpretar diferentes instrumentos y para el canto.<\/p>\n<p style=\"text-align: justify;\">\u201cMe sent\u00ed muy bien porque despu\u00e9s de casi un a\u00f1o de encerramiento, con las clases virtuales, se siente ch\u00e9vere otra vez volver con otros ni\u00f1os, conocer nuevos que est\u00e1n en Batuta\u201d, dijo Valery Nicol Quintana, participante del proceso, mientras que Mariana Ram\u00edrez, otra de las estudiantes expres\u00f3: \u201cse sinti\u00f3 bacano aunque raro porque mucha gente en tarima, pero ch\u00e9vere uno conocer m\u00e1s gente\u201d.<\/p>\n<p style=\"text-align: justify;\"><img loading=\"lazy\" decoding=\"async\" src=\"images\/Batuta_Guarne.jpg\" width=\"750\" height=\"439\" \/><\/p>\n<p style=\"text-align: justify;\">El docente Santiago Ram\u00edrez, quien asumi\u00f3 el liderazgo del Centro Musical de Granada tras el fallecimiento de Diego Cardona, valor\u00f3 el nivel musical en el que se encuentran sus estudiantes, y desde ya, empieza a pensar y planear lo que ser\u00e1 el 2022.<\/p>\n<p style=\"text-align: justify;\">\u201cLos chicos son super comprometidos, las profes son super comprometidas en cada uno de los convenios y es un orgullo haber llegado a trabajar con estos chicos\u201d, manifest\u00f3.<\/p>\n<p style=\"text-align: justify;\">Tambi\u00e9n el coordinador musical regional de la regi\u00f3n Antioquia \u2013 Choc\u00f3 dej\u00f3 un mensaje para las familias granadinas que est\u00e1n vinculadas al proceso y les motiv\u00f3 a seguir participando durante el pr\u00f3ximo a\u00f1o.<\/p>\n<p style=\"text-align: justify;\">Durante m\u00e1s de diez a\u00f1os, el programa Batuta ha impactado a un importante n\u00famero de ni\u00f1os y j\u00f3venes granadinos, mejorando su calidad de vida y potenciando sus habilidades musicales.<\/p>\n<p style=\"text-align: justify;\"><iframe loading=\"lazy\" src=\"\/\/www.youtube.com\/embed\/79uEPn5YHXE\" width=\"560\" height=\"314\" allowfullscreen=\"allowfullscreen\"><\/iframe><\/p>\n<p style=\"text-align: justify;\"><iframe loading=\"lazy\" src=\"\/\/www.youtube.com\/embed\/jVqgqcpw7Wo\" width=\"560\" height=\"314\" allowfullscreen=\"allowfullscreen\"><\/iframe><\/p>\n","protected":false},"excerpt":{"rendered":"<p style=\"text-align: justify;\">La prolongada espera para que los encuentros y presentaciones del Centro Musical Batuta Granada volvieran a ser presenciales lleg\u00f3 a su fin el pasado 29 de octubre, y por todo lo alto, con el primer encuentro regional de m\u00fasica para la primera infancia que tuvo lugar en el municipio de Guarne con los grupos de Cocorn\u00e1, Granada, Rionegro y la escuela de m\u00fasica de Guarne.<\/p>\n","protected":false},"author":1,"featured_media":0,"comment_status":"open","ping_status":"open","sticky":false,"template":"","format":"standard","meta":{"footnotes":""},"categories":[19],"tags":[],"class_list":["post-445","post","type-post","status-publish","format-standard","hentry","category-noticias"],"_links":{"self":[{"href":"https:\/\/www.desdegranada.com\/site\/index.php?rest_route=\/wp\/v2\/posts\/445","targetHints":{"allow":["GET"]}}],"collection":[{"href":"https:\/\/www.desdegranada.com\/site\/index.php?rest_route=\/wp\/v2\/posts"}],"about":[{"href":"https:\/\/www.desdegranada.com\/site\/index.php?rest_route=\/wp\/v2\/types\/post"}],"author":[{"embeddable":true,"href":"https:\/\/www.desdegranada.com\/site\/index.php?rest_route=\/wp\/v2\/users\/1"}],"replies":[{"embeddable":true,"href":"https:\/\/www.desdegranada.com\/site\/index.php?rest_route=%2Fwp%2Fv2%2Fcomments&post=445"}],"version-history":[{"count":0,"href":"https:\/\/www.desdegranada.com\/site\/index.php?rest_route=\/wp\/v2\/posts\/445\/revisions"}],"wp:attachment":[{"href":"https:\/\/www.desdegranada.com\/site\/index.php?rest_route=%2Fwp%2Fv2%2Fmedia&parent=445"}],"wp:term":[{"taxonomy":"category","embeddable":true,"href":"https:\/\/www.desdegranada.com\/site\/index.php?rest_route=%2Fwp%2Fv2%2Fcategories&post=445"},{"taxonomy":"post_tag","embeddable":true,"href":"https:\/\/www.desdegranada.com\/site\/index.php?rest_route=%2Fwp%2Fv2%2Ftags&post=445"}],"curies":[{"name":"wp","href":"https:\/\/api.w.org\/{rel}","templated":true}]}}