{"id":446,"date":"2021-11-10T16:13:40","date_gmt":"2021-11-10T16:13:40","guid":{"rendered":"https:\/\/www.desdegranada.com\/site\/?p=446"},"modified":"2021-11-10T16:13:40","modified_gmt":"2021-11-10T16:13:40","slug":"el-28-de-noviembre-se-encenderan-los-alumbrados-navidenos-en-granada","status":"publish","type":"post","link":"https:\/\/www.desdegranada.com\/site\/?p=446","title":{"rendered":"El 28 de noviembre se encender\u00e1n los alumbrados navide\u00f1os en Granada"},"content":{"rendered":"<p style=\"text-align: justify;\"><img loading=\"lazy\" decoding=\"async\" src=\"images\/Alumbrados_EPM_2021.jpg\" alt=\"\" width=\"750\" height=\"439\" \/><\/p>\n<p style=\"text-align: justify;\">En la tarde del 7 de octubre llegaron las figuras y la infraestructura para la instalaci\u00f3n de los alumbrados, y al siguiente d\u00eda se dio inicio al proceso. En primer lugar, se hizo el montaje de los postes y las figuras a\u00e9reas como pasacalles, pendones y cenefas, y durante el jueves 4 y el viernes 5 de noviembre se desarroll\u00f3 el mismo proceso con las figuras volum\u00e9tricas.<\/p>\n<p style=\"text-align: justify;\">Durante la navidad 2021 estar\u00e1n adornadas la plazoleta Tiberio de J. Salazar y Herrera, el parque principal y algunas calles del municipio. Los alumbrados ser\u00e1n encendidos oficialmente el 28 de noviembre.<\/p>\n<p style=\"text-align: justify;\"><iframe loading=\"lazy\" src=\"\/\/www.youtube.com\/embed\/xLgJe5gmj0o\" width=\"560\" height=\"314\" allowfullscreen=\"allowfullscreen\"><\/iframe><\/p>\n","protected":false},"excerpt":{"rendered":"<p style=\"text-align: justify;\">Este fin de a\u00f1o, Granada estar\u00e1 lleno de figuras, luces y colores con el alumbrado navide\u00f1o de EPM, por lo que los granadinos disfrutaremos nuevamente de la alegr\u00eda de la navidad en comunidad, adem\u00e1s de la belleza que aportan numerosas figuras relacionadas con nuestra tradici\u00f3n y cultura campesina.<\/p>\n","protected":false},"author":1,"featured_media":0,"comment_status":"open","ping_status":"open","sticky":false,"template":"","format":"standard","meta":{"footnotes":""},"categories":[19],"tags":[],"class_list":["post-446","post","type-post","status-publish","format-standard","hentry","category-noticias"],"_links":{"self":[{"href":"https:\/\/www.desdegranada.com\/site\/index.php?rest_route=\/wp\/v2\/posts\/446","targetHints":{"allow":["GET"]}}],"collection":[{"href":"https:\/\/www.desdegranada.com\/site\/index.php?rest_route=\/wp\/v2\/posts"}],"about":[{"href":"https:\/\/www.desdegranada.com\/site\/index.php?rest_route=\/wp\/v2\/types\/post"}],"author":[{"embeddable":true,"href":"https:\/\/www.desdegranada.com\/site\/index.php?rest_route=\/wp\/v2\/users\/1"}],"replies":[{"embeddable":true,"href":"https:\/\/www.desdegranada.com\/site\/index.php?rest_route=%2Fwp%2Fv2%2Fcomments&post=446"}],"version-history":[{"count":0,"href":"https:\/\/www.desdegranada.com\/site\/index.php?rest_route=\/wp\/v2\/posts\/446\/revisions"}],"wp:attachment":[{"href":"https:\/\/www.desdegranada.com\/site\/index.php?rest_route=%2Fwp%2Fv2%2Fmedia&parent=446"}],"wp:term":[{"taxonomy":"category","embeddable":true,"href":"https:\/\/www.desdegranada.com\/site\/index.php?rest_route=%2Fwp%2Fv2%2Fcategories&post=446"},{"taxonomy":"post_tag","embeddable":true,"href":"https:\/\/www.desdegranada.com\/site\/index.php?rest_route=%2Fwp%2Fv2%2Ftags&post=446"}],"curies":[{"name":"wp","href":"https:\/\/api.w.org\/{rel}","templated":true}]}}