{"id":447,"date":"2021-11-10T21:36:32","date_gmt":"2021-11-10T21:36:32","guid":{"rendered":"https:\/\/www.desdegranada.com\/site\/?p=447"},"modified":"2021-11-10T21:36:32","modified_gmt":"2021-11-10T21:36:32","slug":"padres-de-familia-a-vacunar-contra-el-covid-19-a-los-menores-a-partir-de-los-3-anos","status":"publish","type":"post","link":"https:\/\/www.desdegranada.com\/site\/?p=447","title":{"rendered":"Padres de familia: a vacunar contra el covid 19 a los menores a partir de los 3 a\u00f1os"},"content":{"rendered":"<p style=\"text-align: justify;\">El hospital est\u00e1 suministrando a los menores el biol\u00f3gico del laboratorio SINOVAC, con una espera de 28 d\u00edas entre las dos dosis necesarias.<\/p>\n<p style=\"text-align: justify;\">\u201cHasta el momento ha sido un \u00e9xito, las mam\u00e1s muy juiciosas han venido con sus ni\u00f1os a aplicarle la vacuna para protegerlos contra el covid 19\u201d, dijo la vacunadora del hospital.<\/p>\n<p style=\"text-align: justify;\"><img loading=\"lazy\" decoding=\"async\" src=\"images\/Vacunacin_menores_3_aos.jpg\" alt=\"\" width=\"750\" height=\"439\" \/><\/p>\n<p style=\"text-align: justify;\">Con la llegada de nuevos ant\u00edgenos y el grueso de la poblaci\u00f3n habilitada para recibirlos, Granada est\u00e1 cerca de alcanzar ya la inmunidad de reba\u00f1o.<\/p>\n<p style=\"text-align: justify;\">\u201cHemos aplicado m\u00e1s de ocho mil primeras dosis, y como es el 70%, nosotros ya tenemos m\u00e1s o menos la cobertura para llegar a ese porcentaje de la poblaci\u00f3n\u201d, explic\u00f3 tambi\u00e9n Eneida.<\/p>\n<p style=\"text-align: justify;\">Actualmente el hospital est\u00e1 llegando con la vacuna hasta la sede de secundaria de la Instituci\u00f3n Educativa Jorge Alberto G\u00f3mez para los j\u00f3venes a partir de los 12 a\u00f1os y, de la misma manera, cualquier persona que quiera acceder al inmunol\u00f3gico puede acercarse hasta las instalaciones del hospital.<\/p>\n<p style=\"text-align: justify;\"><iframe loading=\"lazy\" src=\"\/\/www.youtube.com\/embed\/j44pmgpM6mY\" width=\"560\" height=\"314\" allowfullscreen=\"allowfullscreen\"><\/iframe><\/p>\n","protected":false},"excerpt":{"rendered":"<p style=\"text-align: justify;\">Luego de que el pasado 5 de noviembre el Hospital Padre Clemente Giraldo diera inicio al proceso de vacunaci\u00f3n contra el covid 19 para los menores a partir de los 3 a\u00f1os, casi la totalidad de la poblaci\u00f3n granadina est\u00e1 habilitada para acceder a la vacuna, siempre y cuando haya disponibilidad.<\/p>\n","protected":false},"author":1,"featured_media":0,"comment_status":"open","ping_status":"open","sticky":false,"template":"","format":"standard","meta":{"footnotes":""},"categories":[19],"tags":[],"class_list":["post-447","post","type-post","status-publish","format-standard","hentry","category-noticias"],"_links":{"self":[{"href":"https:\/\/www.desdegranada.com\/site\/index.php?rest_route=\/wp\/v2\/posts\/447","targetHints":{"allow":["GET"]}}],"collection":[{"href":"https:\/\/www.desdegranada.com\/site\/index.php?rest_route=\/wp\/v2\/posts"}],"about":[{"href":"https:\/\/www.desdegranada.com\/site\/index.php?rest_route=\/wp\/v2\/types\/post"}],"author":[{"embeddable":true,"href":"https:\/\/www.desdegranada.com\/site\/index.php?rest_route=\/wp\/v2\/users\/1"}],"replies":[{"embeddable":true,"href":"https:\/\/www.desdegranada.com\/site\/index.php?rest_route=%2Fwp%2Fv2%2Fcomments&post=447"}],"version-history":[{"count":0,"href":"https:\/\/www.desdegranada.com\/site\/index.php?rest_route=\/wp\/v2\/posts\/447\/revisions"}],"wp:attachment":[{"href":"https:\/\/www.desdegranada.com\/site\/index.php?rest_route=%2Fwp%2Fv2%2Fmedia&parent=447"}],"wp:term":[{"taxonomy":"category","embeddable":true,"href":"https:\/\/www.desdegranada.com\/site\/index.php?rest_route=%2Fwp%2Fv2%2Fcategories&post=447"},{"taxonomy":"post_tag","embeddable":true,"href":"https:\/\/www.desdegranada.com\/site\/index.php?rest_route=%2Fwp%2Fv2%2Ftags&post=447"}],"curies":[{"name":"wp","href":"https:\/\/api.w.org\/{rel}","templated":true}]}}