{"id":459,"date":"2022-01-17T14:55:37","date_gmt":"2022-01-17T14:55:37","guid":{"rendered":"https:\/\/www.desdegranada.com\/site\/?p=459"},"modified":"2022-01-17T14:55:37","modified_gmt":"2022-01-17T14:55:37","slug":"chichi-el-monaguillo-sacristan-corista-presentador-animador-trovador-contralor-y-estudiante-de-ciencias-politicas","status":"publish","type":"post","link":"https:\/\/www.desdegranada.com\/site\/?p=459","title":{"rendered":"Chichi: el monaguillo, sacrist\u00e1n, corista, presentador, animador, trovador, contralor y estudiante de ciencias pol\u00edticas"},"content":{"rendered":"<p style=\"text-align: justify;\">Con mucho cari\u00f1o recuerda a \u201cFlash\u201d (Andr\u00e9s Felipe Nore\u00f1a), quien fue el que le ense\u00f1\u00f3 a acolitar, en una cita que ten\u00eda casi todos los d\u00edas a las 7 de la ma\u00f1ana en el templo filial, pues en ese tiempo estaban remodelando la escuela de arriba y \u00e9l deb\u00eda ir a estudiar en la tarde, por ende, la ma\u00f1ana la dedicaba a ir a la eucarist\u00eda y ayudar en lo que se necesitara.<\/p>\n<p style=\"text-align: justify;\">Aunque sus hermanos mayores s\u00ed vivieron en la vereda Reyes, a \u00e9l no le toc\u00f3, bueno, no del todo. Sus pap\u00e1s decidieron venir a vivir al casco urbano, por lo que sus estudios los hizo en la zona urbana de Granada. El sacerdote encargado de los ac\u00f3litos en ese tiempo era el padre Hern\u00e1n David, pero el que le posesion\u00f3 el sobrenombre de \u201cChichi\u201d fue el padre \u201cChispas\u201d; suena gracioso, pero as\u00ed es con el sobrenombre con que recuerdan al cura en Granada y casi que a todas partes donde va, es como lo llaman, aunque su nombre de pila es Edison Andr\u00e9s Giraldo Rend\u00f3n.<\/p>\n<p style=\"text-align: justify;\"><img loading=\"lazy\" decoding=\"async\" src=\"images\/Daniel_Chichi_2.jpg\" alt=\"\" width=\"750\" height=\"439\" \/><\/p>\n<p style=\"text-align: justify;\">Ya a Juan Daniel algunos compa\u00f1eros le dec\u00edan \u201cChichi\u201d, pero era muy accidentalmente. El padre \u201cChispas\u201d era un experto en poner sobrenombres y cuando escuch\u00f3 que a Juan Daniel le dec\u00edan \u201cChichi\u201d siempre era \u00bfY qu\u00e9 dice Chich\u00ed? \u00bfC\u00f3mo est\u00e1 Chichi? Chichi, Chichi, Chichi. Desde ese tiempo hasta el d\u00eda de hoy siempre ha sido su remoquete, incluso en la universidad algunos de sus compa\u00f1eros y profesores le dicen as\u00ed.<\/p>\n<p style=\"text-align: justify;\">Ac\u00f3lito, sacrist\u00e1n, corista, presentador, animador, trovador, estudiantes de ciencias pol\u00edticas, fue contralor en el colegio de Granada mientras cursaba los grados d\u00e9cimos y once: ese es Juan Daniel Giraldo Parra el famoso \u201cChichi\u201d.<\/p>\n<p style=\"text-align: justify;\"><img loading=\"lazy\" decoding=\"async\" src=\"images\/Daniel_Chichi_1.jpg\" width=\"750\" height=\"439\" \/><\/p>\n<p style=\"text-align: justify;\"><strong>\u00bfC\u00f3mo llega Chichi a la trova?<\/strong><\/p>\n<p style=\"text-align: justify;\">Hay entrevistas, archivos que est\u00e1n en el canal local de cuando Chichi era un ni\u00f1o. Por ejemplo, de cuando llegu\u00e9 cualquier d\u00eda a la escuela y le ped\u00ed a la profesora que me prestara uno de los ni\u00f1os para que contara c\u00f3mo le hab\u00eda parecido el d\u00eda del ni\u00f1o, y la profe me lo present\u00f3, eso quiere decir que ya se le ve\u00eda talento para los micr\u00f3fonos, las c\u00e1maras y los escenarios.<\/p>\n<p style=\"text-align: justify;\">En los homenajes a la bandera en la escuela, los profesores le ped\u00edan que fuera \u00e9l, junto con otro compa\u00f1ero, el que con unas trovas escritas y aprendidas saliera al frente de todo el estudiantado a cantarlas, lo que le sirvi\u00f3 tambi\u00e9n para ganarse buenas notas. As\u00ed fue como creci\u00f3 ese gusto por los versos y las rimas. Adem\u00e1s, le ayud\u00f3 mucho a aventurarse con el tema de las presentaciones. \u00a1Pero no solo eso! Tambi\u00e9n hizo parte de algunas obras de teatro y tambi\u00e9n fue integrante del programa \u2018M\u00fasica para la Reconciliaci\u00f3n BATUTA\u2019 del Gobierno Nacional, donde aprendi\u00f3 a tocar varios instrumentos, entre ellos la dulzaina, la flauta y las placas.<\/p>\n<p style=\"text-align: justify;\">Su proyecto de vida durante la adolescencia fue divido entre querer ser cura, trovador o m\u00fasico. Aunque estuvo en varios proyectos que se desarrollaban en el municipio, nunca abandon\u00f3 la iglesia, su parroquia. Por ejemplo, cuando el proyecto psicosocial comenz\u00f3 a realizar los mercados campesinos, para amenizar, lo invitaban a \u00e9l y otros trovadores emp\u00edricos a realizar un festival. La idea siempre fue que los de la zona urbana se dieran la vueltecita por el lugar para compraran los productos cosechados y comercializados por los campesinos, una actividad que actualmente se desarrolla y que sigue creciendo.<\/p>\n<p style=\"text-align: justify;\">Pero cuando le preguntaban cu\u00e1l era su futuro, Chichi siempre hac\u00eda cuentas que, en el 2020, entrar\u00eda al seminario y que, si le iba bien, en el 2029 ser\u00eda un cura\u2026 Posiblemente. Si hubiera sido as\u00ed, hoy estar\u00eda en lo que se llama segundo de filosof\u00eda.<\/p>\n<p style=\"text-align: justify;\">Ramiro, \u201cMu\u00f1eco Garve\u201d, un reconocido trovador del municipio de El Pe\u00f1ol, cada que viene a acompa\u00f1ar los programas especiales de la emisora Granada St\u00e9reo, siempre le hace la broma que Chichi tiene cara de seminarista, que no es nada raro, pues le pasa que algunas viejitas en la calle le preguntan que si \u00e9l es padre.<\/p>\n<p style=\"text-align: justify;\"><strong>La guitarra.<\/strong><\/p>\n<p style=\"text-align: justify;\">En las Fiestas del Retorno, tres meses antes de la cuarentena por el COVID 19, Chichi se compr\u00f3 una guitarra. Todo ese fin de semana estuvo ensayando y mirando tutoriales para aprender a tocarla. Dice que ese fin de semana de las fiestas no sali\u00f3, el hombre estaba engomado con su nuevo instrumento musical y lo ensay\u00f3 los tres d\u00edas.<\/p>\n<p style=\"text-align: justify;\">Y cuando el Gobierno Nacional decreta cuarentena total, fue su entretenimiento y comenz\u00f3 a \u201czurrunguiar\u201d hasta que aprendi\u00f3 el ritmo. Chichi y yo nos volvimos muy amigos, entonces me doy cuenta de que el hombre puede acompa\u00f1ar el programa Al\u00f3 Pato haciendo trova; le hago la propuesta de que nos acompa\u00f1e junto con Alejandro Molina y Gladys Casta\u00f1o en la nueva temporada del programa en la emisora Granada St\u00e9reo.<\/p>\n<p style=\"text-align: justify;\">Hab\u00eda que ser paciente y esperar el talento de Chichi porque no es f\u00e1cil tocar un instrumento musical y sobre todo acompa\u00f1arla con un canto improvisado como lo es la trova, porque no es lo mismo aprenderse una canci\u00f3n y cantarla acompa\u00f1ada por el instrumento, que hacer una trova que viene acompa\u00f1ada de algo que usted debe construir mientras toca la guitarra. Es decir que, al hombre, le gust\u00f3 y se esforz\u00f3 por eso. Ac\u00e1 lo debo felicitar, por todo eso\u2026 \u00a1Qu\u00e9 orgullo!<\/p>\n<p style=\"text-align: justify;\"><img loading=\"lazy\" decoding=\"async\" src=\"images\/Daniel_Chichi_4.jpg\" alt=\"\" width=\"750\" height=\"439\" \/><\/p>\n<p style=\"text-align: justify;\"><strong>Pichingo, el maestro.<\/strong><\/p>\n<p style=\"text-align: justify;\">Cuando Pichingo escuch\u00f3 a Chichi en la emisora Granada St\u00e9reo haciendo acompa\u00f1amiento a algunos programas con la trova, me escribe y me dice: \u201cMazamorro, ese pela\u2019o tiene talento. P\u00e1seme el n\u00famero que lo vamos a pulir\u201d. Pero ellos dos ya hab\u00edan tenido varios acercamientos. A\u00f1os atr\u00e1s, Pichingo ya le hab\u00eda puesto algunas tareas. Se alejaron por un tiempo y ya Pichingo cre\u00eda que Chichi hab\u00eda abortado la idea de ser trovador.<\/p>\n<p style=\"text-align: justify;\">Fue despu\u00e9s de que Pichingo lo escuch\u00f3 en la emisora Granada St\u00e9reo, cuando comienza a regalarle libros y a darle consejos.\u00a0<\/p>\n<p style=\"text-align: justify;\"><strong>Corozo y Pichingo.<\/strong><\/p>\n<p style=\"text-align: justify;\">Son ellos dos, los pap\u00e1s de la trova en Granada. Marco Aurelio \u201cCorozo\u201d, el pionero, y el que abre las puertas para que Diego Alexander \u201cPichingo\u201d siga ese camino. Hoy los dos est\u00e1n en emisoras importantes del pa\u00eds.<\/p>\n<p style=\"text-align: justify;\">La Luci\u00e9rnaga de Caracol es el programa del que hace parte \u201cCorozo\u201d, all\u00e1 esta junto a \u201cDon Jediondo\u201d, \u201cPolilla\u201d y otros humoristas reconocidos del pa\u00eds; Pichingo, por su parte, est\u00e1 junto al gran \u201cDon Ebrio\u201d en la m\u00e1s escuchada de Medell\u00edn: Ol\u00edmpica St\u00e9reo.<\/p>\n<p style=\"text-align: justify;\">Corozo es un hombre espiritual, su cita en la iglesia es diaria, y Pichingo es un ser humilde que no tiene problema en dar a conocer lo que sabe, adem\u00e1s acompa\u00f1a en el crecimiento personal del trovador y es el que lo escucha.<\/p>\n<p style=\"text-align: justify;\"><strong><img loading=\"lazy\" decoding=\"async\" src=\"images\/Daniel_Chichi_3.jpg\" alt=\"\" width=\"750\" height=\"439\" \/><\/strong><\/p>\n<p style=\"text-align: justify;\"><strong>Su primer festival.<\/strong><\/p>\n<p style=\"text-align: justify;\">El 9 de enero de 2022 va a quedar en el recuerdo de Chichi. Ese d\u00eda fue su primer festival, \u201cel primerito\u201d, como me dijo Pichingo. Pero no solo por debutar en una competici\u00f3n de trova, tambi\u00e9n porque ese d\u00eda recibi\u00f3 su nombre como trovador \u201cJirafa\u201d, que fue sugerido por el jurado. Ese d\u00eda fue pr\u00edncipe frente a los dos \u2018monstruos\u2019 de la trova.<\/p>\n<p style=\"text-align: justify;\">La trova es algo tan incre\u00edble que se necesita un sobrenombre, pero hay algo muy importante, ese nombre debe ser muy sonoro y ac\u00e1 se me viene a la mente la vez que le dijeron a Pichingo que se lo ten\u00eda que cambiar y \u00e9l se neg\u00f3 a cambiarlo, pero le pidieron que se ten\u00eda que ganar el festival porque estaba en peligro su remoquete. Pichingo se lo gan\u00f3 y ya todos conocemos el resto.<\/p>\n<p style=\"text-align: justify;\"><strong>Finalmente.<\/strong><\/p>\n<p style=\"text-align: justify;\">Ya Chichi se prepara para iniciar su 5to semestre de ciencias pol\u00edticas, en la universidad que, para hacer gala al talante granadino, fue fundada por Monse\u00f1or Tiberio de J. Salazar y Herrera, un personaje m\u00e1s de estas tierras. La UPB es la instituci\u00f3n que forma a Chichi en su profesi\u00f3n, en la trova ya tiene otros maestros y en la emisora de los granadinos ha encontrado un espacio para el reconocimiento y el manejo de estos medios.<\/p>\n<p style=\"text-align: justify;\">Queda en el tintero las preguntas acerca de la vida de Chichi, si su inclinaci\u00f3n vocacional ser\u00e1 entregada del todo a Dios o si, m\u00e1s bien, seguiremos vi\u00e9ndolo desde otros espacios trabajando por el bien de la comunidad y su municipio.<\/p>\n<p style=\"text-align: justify;\">Este es Chichi: el ac\u00f3lito, sacrist\u00e1n, corista, presentador, animador, trovador, estudiantes de ciencias pol\u00edticas. \u00bfQu\u00e9 sigue?<\/p>\n<p>\u00a0<\/p>\n<p>\u00a0<\/p>\n<p>\u00a0<\/p>\n<p>\u00a0<\/p>\n","protected":false},"excerpt":{"rendered":"<p style=\"text-align: justify;\">Juan Daniel Giraldo llega a la parroquia Santa B\u00e1rbara de Granada aun siendo un ni\u00f1o, y fue precisamente por invitaci\u00f3n de unos amigos que estudiaban con \u00e9l, un deseo casi que com\u00fan de los ni\u00f1os del pueblo: servir en el altar, ser ac\u00f3litos o monaguillos como les dicen.<\/p>\n<p style=\"text-align: justify;\">Por: Jeison A. Giraldo &#8211; Mazamorro.<\/p>\n","protected":false},"author":1,"featured_media":0,"comment_status":"open","ping_status":"open","sticky":false,"template":"","format":"standard","meta":{"footnotes":""},"categories":[20],"tags":[],"class_list":["post-459","post","type-post","status-publish","format-standard","hentry","category-columnistas"],"_links":{"self":[{"href":"https:\/\/www.desdegranada.com\/site\/index.php?rest_route=\/wp\/v2\/posts\/459","targetHints":{"allow":["GET"]}}],"collection":[{"href":"https:\/\/www.desdegranada.com\/site\/index.php?rest_route=\/wp\/v2\/posts"}],"about":[{"href":"https:\/\/www.desdegranada.com\/site\/index.php?rest_route=\/wp\/v2\/types\/post"}],"author":[{"embeddable":true,"href":"https:\/\/www.desdegranada.com\/site\/index.php?rest_route=\/wp\/v2\/users\/1"}],"replies":[{"embeddable":true,"href":"https:\/\/www.desdegranada.com\/site\/index.php?rest_route=%2Fwp%2Fv2%2Fcomments&post=459"}],"version-history":[{"count":0,"href":"https:\/\/www.desdegranada.com\/site\/index.php?rest_route=\/wp\/v2\/posts\/459\/revisions"}],"wp:attachment":[{"href":"https:\/\/www.desdegranada.com\/site\/index.php?rest_route=%2Fwp%2Fv2%2Fmedia&parent=459"}],"wp:term":[{"taxonomy":"category","embeddable":true,"href":"https:\/\/www.desdegranada.com\/site\/index.php?rest_route=%2Fwp%2Fv2%2Fcategories&post=459"},{"taxonomy":"post_tag","embeddable":true,"href":"https:\/\/www.desdegranada.com\/site\/index.php?rest_route=%2Fwp%2Fv2%2Ftags&post=459"}],"curies":[{"name":"wp","href":"https:\/\/api.w.org\/{rel}","templated":true}]}}