{"id":461,"date":"2022-01-17T21:40:34","date_gmt":"2022-01-17T21:40:34","guid":{"rendered":"https:\/\/www.desdegranada.com\/site\/?p=461"},"modified":"2022-01-17T21:40:34","modified_gmt":"2022-01-17T21:40:34","slug":"gracias-padre-oscar-comunidad-hizo-reconocimiento-al-que-fuera-parroco-entre-2000-y-2008","status":"publish","type":"post","link":"https:\/\/www.desdegranada.com\/site\/?p=461","title":{"rendered":"Gracias padre Oscar: Comunidad hizo reconocimiento al que fuera p\u00e1rroco entre 2000 y 2008"},"content":{"rendered":"<p style=\"text-align: justify;\"><img loading=\"lazy\" decoding=\"async\" src=\"images\/Padre_OScar_homenaje_2022_3.jpg\" width=\"750\" height=\"439\" \/><\/p>\n<p style=\"text-align: justify;\">El padre Oscar Orlando fue un pap\u00e1 que haciendo \u201cde tripas coraz\u00f3n\u201d ayud\u00f3 a que sus fieles lograran seguir adelante, cada uno de sus sermones eran como un ladrillo puesto para reconstruir una pared, y \u00e9l logr\u00f3 hacer eso con la moral de los granadinos. En medio de las balaceras, escuchar las homil\u00edas del padre Oscar o una carcajada suya, aunque el tiempo no estuviera para re\u00edrse demasiado, reconfortaba a casi todos, pues sus palabras nunca evidenciaron el miedo que muy seguramente como humano tambi\u00e9n sinti\u00f3.<\/p>\n<p style=\"text-align: justify;\"><img loading=\"lazy\" decoding=\"async\" src=\"images\/Padre_OScar_homenaje_2022_1.jpg\" alt=\"\" width=\"750\" height=\"439\" \/><\/p>\n<p style=\"text-align: justify;\">Recientemente, por iniciativa de los integrantes del chat &#8216;Huellas de mi bello pueblo&#8217;, el padre Oscar Orlando Jim\u00e9nez recibi\u00f3 un reconocimiento por el trabajo que realiz\u00f3 en nuestro municipio entre los a\u00f1os 2000 y 2008, pero muy especialmente por el apoyo moral y la fortaleza que transmiti\u00f3 a los granadinos durante la \u00e9poca m\u00e1s cruda del conflicto armado.<\/p>\n<p style=\"text-align: justify;\"><img loading=\"lazy\" decoding=\"async\" src=\"images\/Padre_OScar_homenaje_2022_2.jpg\" alt=\"\" width=\"750\" height=\"439\" \/><\/p>\n<p style=\"text-align: justify;\">Todo su trabajo durante esos 8 a\u00f1os, aunque sin m\u00e1s inter\u00e9s que el de servir, le vali\u00f3 para ganarse el cari\u00f1o y gratitud de todos los granadinos, y hoy, m\u00e1s de 20 a\u00f1os despu\u00e9s de aquellos sucesos, todo ese cari\u00f1o sigue intacto, y en cada oportunidad que se presenta as\u00ed se lo hacen saber. Gracias padre Oscar.<\/p>\n<p style=\"text-align: justify;\"><iframe loading=\"lazy\" src=\"\/\/www.youtube.com\/embed\/t-Im5A_C0cU\" width=\"560\" height=\"314\" allowfullscreen=\"allowfullscreen\"><\/iframe><\/p>\n","protected":false},"excerpt":{"rendered":"<p style=\"text-align: justify;\">En la \u00e9poca en que la zozobra y el miedo se tom\u00f3 Granada por cuenta de la violencia, solamente una persona, adem\u00e1s de la fuerza p\u00fablica, pudo brindar tranquilidad y fortaleza a la poblaci\u00f3n: el padre Oscar Orlando Jim\u00e9nez G\u00f3mez, quien justo en ese tiempo fue designado como p\u00e1rroco de la localidad. Sin siquiera haber pasado los hechos violentos, podr\u00eda decirse que el se\u00f1or obispo le encomend\u00f3 a \u00e9l la tarea de empezar a trabajar en la motivaci\u00f3n de la gente cuan si fuera un psic\u00f3logo y, de inmediato, apoyado en las instituciones, iniciar la reconstrucci\u00f3n del tejido social.<\/p>\n","protected":false},"author":1,"featured_media":0,"comment_status":"open","ping_status":"open","sticky":false,"template":"","format":"standard","meta":{"footnotes":""},"categories":[19],"tags":[],"class_list":["post-461","post","type-post","status-publish","format-standard","hentry","category-noticias"],"_links":{"self":[{"href":"https:\/\/www.desdegranada.com\/site\/index.php?rest_route=\/wp\/v2\/posts\/461","targetHints":{"allow":["GET"]}}],"collection":[{"href":"https:\/\/www.desdegranada.com\/site\/index.php?rest_route=\/wp\/v2\/posts"}],"about":[{"href":"https:\/\/www.desdegranada.com\/site\/index.php?rest_route=\/wp\/v2\/types\/post"}],"author":[{"embeddable":true,"href":"https:\/\/www.desdegranada.com\/site\/index.php?rest_route=\/wp\/v2\/users\/1"}],"replies":[{"embeddable":true,"href":"https:\/\/www.desdegranada.com\/site\/index.php?rest_route=%2Fwp%2Fv2%2Fcomments&post=461"}],"version-history":[{"count":0,"href":"https:\/\/www.desdegranada.com\/site\/index.php?rest_route=\/wp\/v2\/posts\/461\/revisions"}],"wp:attachment":[{"href":"https:\/\/www.desdegranada.com\/site\/index.php?rest_route=%2Fwp%2Fv2%2Fmedia&parent=461"}],"wp:term":[{"taxonomy":"category","embeddable":true,"href":"https:\/\/www.desdegranada.com\/site\/index.php?rest_route=%2Fwp%2Fv2%2Fcategories&post=461"},{"taxonomy":"post_tag","embeddable":true,"href":"https:\/\/www.desdegranada.com\/site\/index.php?rest_route=%2Fwp%2Fv2%2Ftags&post=461"}],"curies":[{"name":"wp","href":"https:\/\/api.w.org\/{rel}","templated":true}]}}