{"id":464,"date":"2022-01-22T13:55:20","date_gmt":"2022-01-22T13:55:20","guid":{"rendered":"https:\/\/www.desdegranada.com\/site\/?p=464"},"modified":"2022-01-22T13:55:20","modified_gmt":"2022-01-22T13:55:20","slug":"carlos-aristizabal-mas-de-50-anos-en-el-oficio-de-la-relojeria","status":"publish","type":"post","link":"https:\/\/www.desdegranada.com\/site\/?p=464","title":{"rendered":"Carlos Aristiz\u00e1bal, m\u00e1s de 50 a\u00f1os en el oficio de la relojer\u00eda"},"content":{"rendered":"<p style=\"text-align: justify;\">Por donde se mueve, a unos les hace un gesto con la cabeza, a otros se les acerca y les aprieta la mano, y con otros hasta se queda unos instantes conversando, pero don Carlos saluda a todo el que se encuentra y casi siempre deja salir uno que otro chiste o frase jocosa en medio de la charla.<\/p>\n<p style=\"text-align: justify;\">Oriundo de la conocida zona fr\u00eda del municipio, m\u00e1s exactamente de la vereda Minitas, Carlos Abel se dedica desde hace m\u00e1s de 50 a\u00f1os al oficio de relojero: \u201cme compr\u00e9 el primer relojito y lo conserv\u00e9 como tres a\u00f1os, a los tres a\u00f1os lo cambi\u00e9 a otro y me lo metieron malo, y me dio por desbaratarlo, pero se qued\u00f3 desbaratado. Hice un destornillador con una aguja capotera y con un suncho, hice una pinza y me puse a trabajar hasta que le saqu\u00e9 el \u00e1ncora y c\u00f3mo le parece que puse a trabajar ese reloj\u201d.<\/p>\n<p style=\"text-align: justify;\"><img loading=\"lazy\" decoding=\"async\" src=\"images\/Carlos_relojero.jpg\" alt=\"\" width=\"750\" height=\"439\" \/><\/p>\n<p style=\"text-align: justify;\">Aunque es al oficio de relojero al que se ha dedicado por m\u00e1s tiempo y por el que es m\u00e1s reconocido, don Carlos fue tambi\u00e9n sastre y hasta le hizo a la reparaci\u00f3n de m\u00e1quinas de coser: \u201cyo la relojer\u00eda la quiero mucho. La relojer\u00eda me parece una profesi\u00f3n hermosa porque es que nos ha dado comida, nos dio plata, nos dio de todo y todav\u00eda la amo como debe de amarse una profesi\u00f3n\u201d.<\/p>\n<p style=\"text-align: justify;\">Carlos \u2018el relojero\u2019 ha sido un trotamundos, ha viajado por gran parte del pa\u00eds y afirma que en todas partes \u201cme he acomodado, pero no me he ama\u00f1ado. El \u00fanico pueblo que es ama\u00f1ador y que yo todos los d\u00edas lo amo es a Granada\u201d.<\/p>\n<p style=\"text-align: justify;\"><img loading=\"lazy\" decoding=\"async\" src=\"images\/Carlos_relojero_2.jpg\" alt=\"\" width=\"750\" height=\"439\" \/><\/p>\n<p style=\"text-align: justify;\">Amante de la m\u00fasica guasca y carrilera, y de sentarse de vez en cuando a echarse unos aguardienticos, \u2018el relojero\u2019 saca pecho al hablar de su familia, \u201csomos siete, cinco hijos, todos profesionales. Me siento orgulloso de mis hijos. No somos ricos, pero vivimos como ricos\u201d.<\/p>\n<p style=\"text-align: justify;\">Don Carlos termina diciendo de Granada que \u201cyo de aqu\u00ed nunca me ir\u00e9 porque es que no veo para donde, y todos los d\u00edas le agradezco a mi Dios porque me descarg\u00f3 ac\u00e1\u201d.<\/p>\n<p style=\"text-align: justify;\"><iframe loading=\"lazy\" src=\"\/\/www.youtube.com\/embed\/9vZUmG7hqmA\" width=\"560\" height=\"314\" allowfullscreen=\"allowfullscreen\"><\/iframe><\/p>\n","protected":false},"excerpt":{"rendered":"<p style=\"text-align: justify;\">Carlos Abel Aristiz\u00e1bal L\u00f3pez es sin\u00f3nimo de alegr\u00eda y buena energ\u00eda. Al encontrarlo caminando por la calle o tom\u00e1ndose un tinto en \u2018Sillas Fr\u00edas\u2019, La Familiar o donde Adri\u00e1n, su estado de \u00e1nimo es siempre el mismo. Su rostro a todas horas refleja tranquilidad y felicidad, no cambia.<\/p>\n<p style=\"text-align: justify;\">Por: Faiber Salazar\u00a0<\/p>\n<p style=\"text-align: justify;\">Twitter: @Soy_Fai<\/p>\n","protected":false},"author":1,"featured_media":0,"comment_status":"open","ping_status":"open","sticky":false,"template":"","format":"standard","meta":{"footnotes":""},"categories":[20],"tags":[],"class_list":["post-464","post","type-post","status-publish","format-standard","hentry","category-columnistas"],"_links":{"self":[{"href":"https:\/\/www.desdegranada.com\/site\/index.php?rest_route=\/wp\/v2\/posts\/464","targetHints":{"allow":["GET"]}}],"collection":[{"href":"https:\/\/www.desdegranada.com\/site\/index.php?rest_route=\/wp\/v2\/posts"}],"about":[{"href":"https:\/\/www.desdegranada.com\/site\/index.php?rest_route=\/wp\/v2\/types\/post"}],"author":[{"embeddable":true,"href":"https:\/\/www.desdegranada.com\/site\/index.php?rest_route=\/wp\/v2\/users\/1"}],"replies":[{"embeddable":true,"href":"https:\/\/www.desdegranada.com\/site\/index.php?rest_route=%2Fwp%2Fv2%2Fcomments&post=464"}],"version-history":[{"count":0,"href":"https:\/\/www.desdegranada.com\/site\/index.php?rest_route=\/wp\/v2\/posts\/464\/revisions"}],"wp:attachment":[{"href":"https:\/\/www.desdegranada.com\/site\/index.php?rest_route=%2Fwp%2Fv2%2Fmedia&parent=464"}],"wp:term":[{"taxonomy":"category","embeddable":true,"href":"https:\/\/www.desdegranada.com\/site\/index.php?rest_route=%2Fwp%2Fv2%2Fcategories&post=464"},{"taxonomy":"post_tag","embeddable":true,"href":"https:\/\/www.desdegranada.com\/site\/index.php?rest_route=%2Fwp%2Fv2%2Ftags&post=464"}],"curies":[{"name":"wp","href":"https:\/\/api.w.org\/{rel}","templated":true}]}}