{"id":465,"date":"2022-01-22T15:08:54","date_gmt":"2022-01-22T15:08:54","guid":{"rendered":"https:\/\/www.desdegranada.com\/site\/?p=465"},"modified":"2022-01-22T15:08:54","modified_gmt":"2022-01-22T15:08:54","slug":"de-la-radio-a-la-cocina-corozo-estara-en-la-nueva-temporada-de-master-chef-celebrity","status":"publish","type":"post","link":"https:\/\/www.desdegranada.com\/site\/?p=465","title":{"rendered":"De la radio a la cocina: Corozo estar\u00e1 en la nueva temporada de Master chef celebrity"},"content":{"rendered":"<p style=\"text-align: justify;\">Pues bien guardado se lo ten\u00eda nuestro paisano, ya que hasta a los m\u00e1s amigos les cogi\u00f3 por sorpresa la noticia de que Corozo estar\u00e1 participando en el reality, y desde ya los granadinos est\u00e1n a la expectativa de conocer las habilidades culinarias de Marco Aurelio.<\/p>\n<p style=\"text-align: justify;\">Otras personalidades como Carolina G\u00f3mez, Natalia Ram\u00edrez, Tat\u00e1n Mejia, Manuela Gonz\u00e1lez, Tostao, Lady Noriega, Ramiro Meneses, Aida Bossa, Luis Eduardo Arango, Mar\u00eda Teresa Barreto, Cristina Campuzano, Mart\u00edn Karpan, Alexandra Montoya, Isabela Santiago, Jair Romero, Steward G, Carlos B\u00e1ez, Aida Morales, Chicho Arias (Chichoelmalo) y Pamela Ospina estar\u00e1n junto a \u00e9l en esta nueva temporada de Master chef celebrity.<\/p>\n<p style=\"text-align: justify;\"><img decoding=\"async\" src=\"images\/Corozo_Master_Chef_.jpg\" alt=\"\" \/><\/p>\n<p style=\"text-align: justify;\">Actualmente \u201cCorozo\u201d hace parte del programa La Luci\u00e9rnaga de Caracol Radio y hace poco particip\u00f3, despu\u00e9s de mucho tiempo, en el reconocido festival de la trova ciudad de Medell\u00edn.<\/p>\n<p style=\"text-align: justify;\">Para nuestro amigo Marco Aurelio, mucha suerte en esta nueva faceta.<\/p>\n","protected":false},"excerpt":{"rendered":"<p style=\"text-align: justify;\">Una gran sorpresa se llevaron los seguidores del granadino Marco Aurelio Giraldo \u201cCorozo\u201d cuando en el perfil de Instagram de Master chef celebrity, apareci\u00f3 \u00e9l junto a otros personajes reconocidos de la far\u00e1ndula nacional.<\/p>\n","protected":false},"author":1,"featured_media":0,"comment_status":"open","ping_status":"open","sticky":false,"template":"","format":"standard","meta":{"footnotes":""},"categories":[19],"tags":[],"class_list":["post-465","post","type-post","status-publish","format-standard","hentry","category-noticias"],"_links":{"self":[{"href":"https:\/\/www.desdegranada.com\/site\/index.php?rest_route=\/wp\/v2\/posts\/465","targetHints":{"allow":["GET"]}}],"collection":[{"href":"https:\/\/www.desdegranada.com\/site\/index.php?rest_route=\/wp\/v2\/posts"}],"about":[{"href":"https:\/\/www.desdegranada.com\/site\/index.php?rest_route=\/wp\/v2\/types\/post"}],"author":[{"embeddable":true,"href":"https:\/\/www.desdegranada.com\/site\/index.php?rest_route=\/wp\/v2\/users\/1"}],"replies":[{"embeddable":true,"href":"https:\/\/www.desdegranada.com\/site\/index.php?rest_route=%2Fwp%2Fv2%2Fcomments&post=465"}],"version-history":[{"count":0,"href":"https:\/\/www.desdegranada.com\/site\/index.php?rest_route=\/wp\/v2\/posts\/465\/revisions"}],"wp:attachment":[{"href":"https:\/\/www.desdegranada.com\/site\/index.php?rest_route=%2Fwp%2Fv2%2Fmedia&parent=465"}],"wp:term":[{"taxonomy":"category","embeddable":true,"href":"https:\/\/www.desdegranada.com\/site\/index.php?rest_route=%2Fwp%2Fv2%2Fcategories&post=465"},{"taxonomy":"post_tag","embeddable":true,"href":"https:\/\/www.desdegranada.com\/site\/index.php?rest_route=%2Fwp%2Fv2%2Ftags&post=465"}],"curies":[{"name":"wp","href":"https:\/\/api.w.org\/{rel}","templated":true}]}}