{"id":466,"date":"2022-01-28T17:29:15","date_gmt":"2022-01-28T17:29:15","guid":{"rendered":"https:\/\/www.desdegranada.com\/site\/?p=466"},"modified":"2022-01-28T17:29:15","modified_gmt":"2022-01-28T17:29:15","slug":"banda-marcial-juvenil-de-granada-regresa-a-ensayos-tras-cerca-de-dos-anos","status":"publish","type":"post","link":"https:\/\/www.desdegranada.com\/site\/?p=466","title":{"rendered":"Banda Marcial Juvenil de Granada regresa a ensayos tras cerca de dos a\u00f1os"},"content":{"rendered":"<p style=\"text-align: justify;\">Y es que despu\u00e9s de casi dos a\u00f1os de para obligada por la pandemia del covid 19, muchos de los antiguos integrantes del proceso y otros que quieren hacer parte de \u00e9l retomar\u00e1n los ensayos a partir de las 7: 00 p.m.<\/p>\n<p style=\"text-align: justify;\">El primer reto de la Banda despu\u00e9s de su regreso ser\u00e1 acompa\u00f1ar la Semana Santa, celebraci\u00f3n para la que seg\u00fan dijo su director N\u00e9stor Giraldo Ram\u00edrez \u201cesperamos hacerlo con sorpresas\u201d.<\/p>\n<p style=\"text-align: justify;\"><img loading=\"lazy\" decoding=\"async\" src=\"images\/Regreso_banda_marcial_2022.jpg\" alt=\"\" width=\"750\" height=\"439\" \/><\/p>\n<p style=\"text-align: justify;\">Desde el a\u00f1o 2021 se ven\u00eda planificando el reinicio de actividades y trabajando en la parte legal de la corporaci\u00f3n con miras a tener mayores facilidades a la hora de acceder a recursos de diferentes entidades.<\/p>\n<p style=\"text-align: justify;\">\u201cTenemos unas expectativas muy altas ya que es como volver a nacer, porque son dos a\u00f1os de para, dos a\u00f1os donde de pronto algunos ya no est\u00e1n. Queremos hacer otro proceso diferente, m\u00e1s serio, m\u00e1s encaminado a lo musical, a que ese tiempo de ocio podamos dedicarlo a la banda, a poder representar al municipio\u201d.<\/p>\n","protected":false},"excerpt":{"rendered":"<p style=\"text-align: justify;\"><img decoding=\"async\" src=\"images\/Regreso_banda_marcial_2022.jpg\" alt=\"\" \/>Este viernes en horas de la noche regresa uno de los procesos juveniles m\u00e1s importantes con que ha contado el municipio de Granada: la Banda Marcial Juvenil.<\/p>\n","protected":false},"author":1,"featured_media":0,"comment_status":"open","ping_status":"open","sticky":false,"template":"","format":"standard","meta":{"footnotes":""},"categories":[19],"tags":[],"class_list":["post-466","post","type-post","status-publish","format-standard","hentry","category-noticias"],"_links":{"self":[{"href":"https:\/\/www.desdegranada.com\/site\/index.php?rest_route=\/wp\/v2\/posts\/466","targetHints":{"allow":["GET"]}}],"collection":[{"href":"https:\/\/www.desdegranada.com\/site\/index.php?rest_route=\/wp\/v2\/posts"}],"about":[{"href":"https:\/\/www.desdegranada.com\/site\/index.php?rest_route=\/wp\/v2\/types\/post"}],"author":[{"embeddable":true,"href":"https:\/\/www.desdegranada.com\/site\/index.php?rest_route=\/wp\/v2\/users\/1"}],"replies":[{"embeddable":true,"href":"https:\/\/www.desdegranada.com\/site\/index.php?rest_route=%2Fwp%2Fv2%2Fcomments&post=466"}],"version-history":[{"count":0,"href":"https:\/\/www.desdegranada.com\/site\/index.php?rest_route=\/wp\/v2\/posts\/466\/revisions"}],"wp:attachment":[{"href":"https:\/\/www.desdegranada.com\/site\/index.php?rest_route=%2Fwp%2Fv2%2Fmedia&parent=466"}],"wp:term":[{"taxonomy":"category","embeddable":true,"href":"https:\/\/www.desdegranada.com\/site\/index.php?rest_route=%2Fwp%2Fv2%2Fcategories&post=466"},{"taxonomy":"post_tag","embeddable":true,"href":"https:\/\/www.desdegranada.com\/site\/index.php?rest_route=%2Fwp%2Fv2%2Ftags&post=466"}],"curies":[{"name":"wp","href":"https:\/\/api.w.org\/{rel}","templated":true}]}}