{"id":467,"date":"2022-02-01T21:50:59","date_gmt":"2022-02-01T21:50:59","guid":{"rendered":"https:\/\/www.desdegranada.com\/site\/?p=467"},"modified":"2022-02-01T21:50:59","modified_gmt":"2022-02-01T21:50:59","slug":"con-su-nuevo-equipo-el-epm-scott-miguel-angel-hoyos-arranca-el-2022","status":"publish","type":"post","link":"https:\/\/www.desdegranada.com\/site\/?p=467","title":{"rendered":"Con su nuevo equipo, el EPM-SCOTT, Miguel \u00c1ngel Hoyos arranca el 2022"},"content":{"rendered":"<p style=\"text-align: justify;\">\u201cPara mi significa much\u00edsimo volver a competencias profesionales con un gran equipo, un equipo de mucho nombre aqu\u00ed en Colombia, que ha formado muchos ciclistas. De aqu\u00ed de este equipo han salido muchos campeones, entonces estoy completamente contento de la bendici\u00f3n que me est\u00e1 dando Dios\u201d, manifest\u00f3 el ciclista.<\/p>\n<p style=\"text-align: justify;\"><img loading=\"lazy\" decoding=\"async\" src=\"images\/Miguel_NGEL.jpg\" alt=\"\" width=\"750\" height=\"439\" \/><\/p>\n<p style=\"text-align: justify;\">El objetivo m\u00e1s inmediato para Miguel \u00c1ngel y su nuevo equipo ser\u00e1 el campeonato nacional en el departamento de Risaralda entre el 9 y el 13 de febrero.<\/p>\n","protected":false},"excerpt":{"rendered":"<p style=\"text-align: justify;\">Miguel \u00c1ngel Hoyos Castro, pedalista formado en el Club Escuela de Ciclismo de Granada, enfrentar\u00e1 en este 2022 un nuevo reto deportivo tras su reciente fichaje por el equipo EPM-SCOTT.<\/p>\n","protected":false},"author":1,"featured_media":0,"comment_status":"open","ping_status":"open","sticky":false,"template":"","format":"standard","meta":{"footnotes":""},"categories":[19],"tags":[],"class_list":["post-467","post","type-post","status-publish","format-standard","hentry","category-noticias"],"_links":{"self":[{"href":"https:\/\/www.desdegranada.com\/site\/index.php?rest_route=\/wp\/v2\/posts\/467","targetHints":{"allow":["GET"]}}],"collection":[{"href":"https:\/\/www.desdegranada.com\/site\/index.php?rest_route=\/wp\/v2\/posts"}],"about":[{"href":"https:\/\/www.desdegranada.com\/site\/index.php?rest_route=\/wp\/v2\/types\/post"}],"author":[{"embeddable":true,"href":"https:\/\/www.desdegranada.com\/site\/index.php?rest_route=\/wp\/v2\/users\/1"}],"replies":[{"embeddable":true,"href":"https:\/\/www.desdegranada.com\/site\/index.php?rest_route=%2Fwp%2Fv2%2Fcomments&post=467"}],"version-history":[{"count":0,"href":"https:\/\/www.desdegranada.com\/site\/index.php?rest_route=\/wp\/v2\/posts\/467\/revisions"}],"wp:attachment":[{"href":"https:\/\/www.desdegranada.com\/site\/index.php?rest_route=%2Fwp%2Fv2%2Fmedia&parent=467"}],"wp:term":[{"taxonomy":"category","embeddable":true,"href":"https:\/\/www.desdegranada.com\/site\/index.php?rest_route=%2Fwp%2Fv2%2Fcategories&post=467"},{"taxonomy":"post_tag","embeddable":true,"href":"https:\/\/www.desdegranada.com\/site\/index.php?rest_route=%2Fwp%2Fv2%2Ftags&post=467"}],"curies":[{"name":"wp","href":"https:\/\/api.w.org\/{rel}","templated":true}]}}