{"id":469,"date":"2022-02-17T17:25:39","date_gmt":"2022-02-17T17:25:39","guid":{"rendered":"https:\/\/www.desdegranada.com\/site\/?p=469"},"modified":"2022-02-17T17:25:39","modified_gmt":"2022-02-17T17:25:39","slug":"ana-maria-norena-suena-con-integrar-la-seleccion-colombia-de-baloncesto","status":"publish","type":"post","link":"https:\/\/www.desdegranada.com\/site\/?p=469","title":{"rendered":"Ana Mar\u00eda Nore\u00f1a sue\u00f1a con integrar la Selecci\u00f3n Colombia de baloncesto"},"content":{"rendered":"<p style=\"text-align: justify;\">El baloncesto adem\u00e1s de potenciar sus habilidades deportivas, tambi\u00e9n le ha ense\u00f1ado del trabajo en equipo y a fortalecer sus valores, \u201cel b\u00e1squet es como mi vida, lo que le da sentido. El jugar, el convivir con los dem\u00e1s, es algo inexplicable\u201d.<\/p>\n<p style=\"text-align: justify;\">A sus 14 a\u00f1os son varios los escenarios deportivos que han presenciado su destreza con la pelota naranja. En su memoria est\u00e1n grabados varios de esos encuentros, \u201clos m\u00e1s significativos han sido con la Selecci\u00f3n Antioquia, en Bucaramanga, con el sub 17, y en Popay\u00e1n con el sub 14, con el baby baloncesto\u2026 Tambi\u00e9n recuerdo con cari\u00f1o los vacacionales, las veces que he reforzado varios equipos, todo eso ha sido muy importante para m\u00ed porque me ha demostrado que he sabido salir adelante y que puedo abrir mi horizonte a m\u00e1s clubes\u201d.<\/p>\n<p style=\"text-align: justify;\"><img loading=\"lazy\" decoding=\"async\" src=\"images\/Ana_Mara_2.jpg\" width=\"750\" height=\"439\" \/><\/p>\n<p style=\"text-align: justify;\">Cada que el silbato suena marca una nueva historia y las an\u00e9cdotas de Ana van m\u00e1s all\u00e1, \u201crecuerdo que la primera salida nacional fue en un colegio, y eran unas duchas bastante improvisadas, el hecho de decirle a dos compa\u00f1eras que venga t\u00e9ngame ac\u00e1 porque si no me ven y uno todo chiquitico es como sin saber que hacer\u201d. Tambi\u00e9n recuerda que al igual que el ni\u00f1o mecatero, no se pod\u00edan resistir a los dulces, \u201c\u00edbamos y hac\u00edamos nuestras travesuras en la noche, nos escond\u00edamos a comer para que el entrenador no nos viera porque no pod\u00edamos comer mucho dulce\u201d.<\/p>\n<p style=\"text-align: justify;\">La n\u00famero 9 de la Selecci\u00f3n Antioquia est\u00e1 segura que para triunfar, y no s\u00f3lo en el deporte sino en la vida, la clave es \u201cla disciplina, el compromiso porque si a usted le gusta algo, ning\u00fan esfuerzo que usted haga es un sacrificio, siempre la disciplina lo lleva a usted a ser grande\u201d. Motiva a los ni\u00f1os y j\u00f3venes que est\u00e1n iniciando: \u201csimplemente luchen, hagan lo que les guste, luchen por sus sue\u00f1os\u201d.<\/p>\n<p style=\"text-align: justify;\"><img loading=\"lazy\" decoding=\"async\" src=\"images\/Ana_Mara_3.jpg\" alt=\"\" width=\"750\" height=\"439\" \/><\/p>\n<p style=\"text-align: justify;\">Ana Mar\u00eda sue\u00f1a con integrar la Selecci\u00f3n Colombia de baloncesto y \u201cluego ganar una beca por el buen desempe\u00f1o en el deporte, irme a estudiar a otro pa\u00eds, jugar en otro pa\u00eds, con trabajo duro y dedicaci\u00f3n puede hacerse una realidad\u201d.<\/p>\n","protected":false},"excerpt":{"rendered":"<p style=\"text-align: justify;\">Desde los 6 a\u00f1os las canchas han sido testigo del talento de Ana Mar\u00eda Nore\u00f1a y se han convertido en su segundo hogar. Solo han trascurrido 8 a\u00f1os desde que inicio en el baloncesto y su habitaci\u00f3n ya parece un sal\u00f3n de reconocimientos; m\u00e1s de 20 medallas y varios trofeos hacen parte de los logros alcanzados en cada una de las competencias en las que ha participado.<\/p>\n","protected":false},"author":1,"featured_media":0,"comment_status":"open","ping_status":"open","sticky":false,"template":"","format":"standard","meta":{"footnotes":""},"categories":[19],"tags":[],"class_list":["post-469","post","type-post","status-publish","format-standard","hentry","category-noticias"],"_links":{"self":[{"href":"https:\/\/www.desdegranada.com\/site\/index.php?rest_route=\/wp\/v2\/posts\/469","targetHints":{"allow":["GET"]}}],"collection":[{"href":"https:\/\/www.desdegranada.com\/site\/index.php?rest_route=\/wp\/v2\/posts"}],"about":[{"href":"https:\/\/www.desdegranada.com\/site\/index.php?rest_route=\/wp\/v2\/types\/post"}],"author":[{"embeddable":true,"href":"https:\/\/www.desdegranada.com\/site\/index.php?rest_route=\/wp\/v2\/users\/1"}],"replies":[{"embeddable":true,"href":"https:\/\/www.desdegranada.com\/site\/index.php?rest_route=%2Fwp%2Fv2%2Fcomments&post=469"}],"version-history":[{"count":0,"href":"https:\/\/www.desdegranada.com\/site\/index.php?rest_route=\/wp\/v2\/posts\/469\/revisions"}],"wp:attachment":[{"href":"https:\/\/www.desdegranada.com\/site\/index.php?rest_route=%2Fwp%2Fv2%2Fmedia&parent=469"}],"wp:term":[{"taxonomy":"category","embeddable":true,"href":"https:\/\/www.desdegranada.com\/site\/index.php?rest_route=%2Fwp%2Fv2%2Fcategories&post=469"},{"taxonomy":"post_tag","embeddable":true,"href":"https:\/\/www.desdegranada.com\/site\/index.php?rest_route=%2Fwp%2Fv2%2Ftags&post=469"}],"curies":[{"name":"wp","href":"https:\/\/api.w.org\/{rel}","templated":true}]}}