{"id":470,"date":"2022-02-18T23:36:30","date_gmt":"2022-02-18T23:36:30","guid":{"rendered":"https:\/\/www.desdegranada.com\/site\/?p=470"},"modified":"2022-02-18T23:36:30","modified_gmt":"2022-02-18T23:36:30","slug":"agradar-a-dios-y-servir-a-la-gente-el-proposito-del-padre-fernando-monsalve-en-su-ministerio-sacerdotal","status":"publish","type":"post","link":"https:\/\/www.desdegranada.com\/site\/?p=470","title":{"rendered":"Agradar a Dios y servir a la gente, el prop\u00f3sito del padre Fernando Monsalve en su ministerio sacerdotal"},"content":{"rendered":"<p style=\"text-align: justify;\">Por: Faiber Salazar<br \/>Twitter: @Soy_Fai<\/p>\n<p style=\"text-align: justify;\">Como cualquier ni\u00f1o campesino, su infancia estuvo marcada por momentos buenos y otros no tan buenos. \u00a0Sus primeros a\u00f1os los vivi\u00f3 en la vereda Portachuelo recuerda: \u201ctodo lo disfrut\u00e1bamos de una manera muy simple, muy sencilla con mi pap\u00e1, con mi mam\u00e1, con mi hermano\u201d.<\/p>\n<p style=\"text-align: justify;\">Sobre su vocaci\u00f3n afirma que \u201cyo siempre le preguntaba a mi mam\u00e1 o mi pap\u00e1 qui\u00e9nes son esos ni\u00f1os que est\u00e1n all\u00e1 vestidos de blanco ayud\u00e1ndole al padre y me fui encarretando con todo eso. Fui ac\u00f3lito, fui catequista, particip\u00e9 en muchos grupos de la parroquia y as\u00ed me fui encari\u00f1ando de esto. Si yo no hubiera sido seminarista o sacerdote, yo creo que, hasta el d\u00eda de hoy, como cualquier laico comprometido, estuviera all\u00ed sirviendo. Fueron alrededor desde los 7 u 8 a\u00f1os hasta los 18 a\u00f1os, que me fui para el seminario, sirviendo en la Bas\u00edlica San Judas Tadeo\u201d.<\/p>\n<p style=\"text-align: justify;\"><img loading=\"lazy\" decoding=\"async\" src=\"images\/Padre_Fernando_3.jpg\" alt=\"\" width=\"750\" height=\"439\" \/><\/p>\n<p style=\"text-align: justify;\">Uno de los d\u00edas m\u00e1s felices de su vida, es sin duda el 24 de mayo de 2014. Siendo un fiel devoto de Mar\u00eda Auxiliadora, y despu\u00e9s de cinco meses de diaconado en la Parroquia Nuestra Se\u00f1ora de la Candelaria, recibi\u00f3 con sorpresa y emoci\u00f3n la noticia de que el Obispo ten\u00eda disponibilidad para el 24 y el 31 de mayo para su ordenaci\u00f3n sacerdotal, \u201cyo en ese momento no sab\u00eda si llorar, si quedarme paralizado. Dije: \u00a1Dios m\u00edo! 24 de mayo, la fecha que yo quiero. Inmediatamente escog\u00ed esa. Nunca le dije al obispo que quer\u00eda ordenarme el 24 de mayo, d\u00eda de Mar\u00eda Auxiliadora, yo ten\u00eda ese deseo profundo en mi coraz\u00f3n y le dec\u00eda a la Virgencita: interceda por m\u00ed\u201d.<\/p>\n<p style=\"text-align: justify;\">A finales de 2018 recibi\u00f3 la noticia de su nombramiento para Granada, en donde solo hab\u00eda estado una vez. \u201cLas experiencias son muchas. Hay que hablar de lo querendona que es la gente, lo cari\u00f1osos que son todos, siempre el apret\u00f3n de manos, el abrazo. Ha sido una bendici\u00f3n estar aqu\u00ed en Granada. La fe de la gente es muy grande, lo mucho que la gente participa de las eucarist\u00edas, lo mucho que la gente busca al sacerdote. Personalmente yo me he sentido muy fortalecido aqu\u00ed en la vida espiritual\u201d.<\/p>\n<p style=\"text-align: justify;\"><img loading=\"lazy\" decoding=\"async\" src=\"images\/Padre_Fernando_1.jpg\" alt=\"\" width=\"750\" height=\"439\" \/><\/p>\n<p style=\"text-align: justify;\">Adem\u00e1s de cada ocupaci\u00f3n relacionada con su misi\u00f3n como pastor de la iglesia, y que ejerce con mucho amor y un compromiso m\u00e1s que evidente, el padre Fernando es un apasionado por la arquitectura (dice habr\u00eda sido su profesi\u00f3n de no haber sido sacerdote). Tambi\u00e9n disfruta como un parroquiano m\u00e1s de otras actividades como leer, viajar o escuchar m\u00fasica -especialmente de la Hermana Glenda y unos vallenatos viejitos-.<\/p>\n<p style=\"text-align: justify;\">\u201cLas canciones de ella me gustan mucho. Hay otros cantautores cat\u00f3licos de Colombia y regionales que me gustan mucho, pero tambi\u00e9n me gusta el vallenato, me encanta y sobre todo el viejito, no tanto los de ahora. No me gustaban antes, me comenzaron a gustar desde el 2014 para ac\u00e1\u201d.<\/p>\n<p style=\"text-align: justify;\"><img loading=\"lazy\" decoding=\"async\" src=\"images\/Padre_Fernando_2.jpg\" alt=\"\" width=\"750\" height=\"439\" \/><\/p>\n<p style=\"text-align: justify;\">Corriendo el cuarto a\u00f1o de su trabajo pastoral en Granada, completamente adaptado a la din\u00e1mica municipal, encari\u00f1ado con la gente y con este territorio que lo ha acogido, el padre Fernando destaca del pueblo y su gente\u2026 \u201cGranada todav\u00eda tiene ese tinte de campesinos y eso es muy lindo, porque ah\u00ed es donde se guarda la sencillez de la gente, el cari\u00f1o de la gente, el amor, la acogida que ustedes brindan. Al granadino siempre lo defino con esa palabra: la acogida. Son tan acogedores que lo hacen a uno familia, lo hacen a uno parte de ustedes. Termina uno sinti\u00e9ndose granadino, siendo parte de este pueblo\u201d.<\/p>\n<p style=\"text-align: justify;\">Concluyendo una charla muy amena y previo a disfrutar de un caf\u00e9, con la tranquilidad y humildad que ha mostrado durante su ministerio en Granada, el padre Fernando concluye: \u201c\u00bfQu\u00e9 me sue\u00f1o yo en el ministerio sacerdotal? Simplemente ser siempre sacerdote, no me sue\u00f1o nada m\u00e1s, la voluntad de Dios. Por ahora soy feliz donde estoy y no pretendo nada m\u00e1s, estar con la gente, estar con la comunidad, servirles\u201d.<\/p>\n","protected":false},"excerpt":{"rendered":"<p style=\"text-align: justify;\">Oriundo del municipio de El Santuario, el padre Fernando Monsalve lleg\u00f3 a prestar sus servicios pastorales a Granada en el a\u00f1o 2019, luego de haber tenido su primera experiencia como sacerdote en otra localidad del Oriente Antioque\u00f1o: Guarne, en la Parroquia Nuestra Se\u00f1ora de la Candelaria.<\/p>\n","protected":false},"author":1,"featured_media":0,"comment_status":"open","ping_status":"open","sticky":false,"template":"","format":"standard","meta":{"footnotes":""},"categories":[20],"tags":[],"class_list":["post-470","post","type-post","status-publish","format-standard","hentry","category-columnistas"],"_links":{"self":[{"href":"https:\/\/www.desdegranada.com\/site\/index.php?rest_route=\/wp\/v2\/posts\/470","targetHints":{"allow":["GET"]}}],"collection":[{"href":"https:\/\/www.desdegranada.com\/site\/index.php?rest_route=\/wp\/v2\/posts"}],"about":[{"href":"https:\/\/www.desdegranada.com\/site\/index.php?rest_route=\/wp\/v2\/types\/post"}],"author":[{"embeddable":true,"href":"https:\/\/www.desdegranada.com\/site\/index.php?rest_route=\/wp\/v2\/users\/1"}],"replies":[{"embeddable":true,"href":"https:\/\/www.desdegranada.com\/site\/index.php?rest_route=%2Fwp%2Fv2%2Fcomments&post=470"}],"version-history":[{"count":0,"href":"https:\/\/www.desdegranada.com\/site\/index.php?rest_route=\/wp\/v2\/posts\/470\/revisions"}],"wp:attachment":[{"href":"https:\/\/www.desdegranada.com\/site\/index.php?rest_route=%2Fwp%2Fv2%2Fmedia&parent=470"}],"wp:term":[{"taxonomy":"category","embeddable":true,"href":"https:\/\/www.desdegranada.com\/site\/index.php?rest_route=%2Fwp%2Fv2%2Fcategories&post=470"},{"taxonomy":"post_tag","embeddable":true,"href":"https:\/\/www.desdegranada.com\/site\/index.php?rest_route=%2Fwp%2Fv2%2Ftags&post=470"}],"curies":[{"name":"wp","href":"https:\/\/api.w.org\/{rel}","templated":true}]}}