{"id":471,"date":"2022-02-19T15:26:31","date_gmt":"2022-02-19T15:26:31","guid":{"rendered":"https:\/\/www.desdegranada.com\/site\/?p=471"},"modified":"2022-02-19T15:26:31","modified_gmt":"2022-02-19T15:26:31","slug":"el-empresario-granadino-alfonso-urrea-recibio-la-medalla-padre-clemente-giraldo-por-parte-del-concejo-municipal","status":"publish","type":"post","link":"https:\/\/www.desdegranada.com\/site\/?p=471","title":{"rendered":"El empresario granadino Alfonso Urrea recibi\u00f3 la medalla Padre Clemente Giraldo por parte del concejo municipal"},"content":{"rendered":"<p style=\"text-align: justify;\">Con estas palabras se expres\u00f3 el empresario granadino Alfonso Urrea luego de que el concejo municipal le galardonara con la Medalla al M\u00e9rito C\u00edvico Padre Clemente Giraldo en la categor\u00eda personal, como reconocimiento por los aportes que durante tantos a\u00f1os ha realizado para promover el desarrollo social de Granada.<\/p>\n<p style=\"text-align: justify;\">El concejo municipal en pleno respald\u00f3 la proposici\u00f3n del edil An\u00edbal Mart\u00ednez de entregar dicho reconocimiento al empresario que, tras el \u00e9xito obtenido a partir de su trabajo, no se ha olvidado de sus ra\u00edces y se ha sumado a diferentes causas para beneficio de sus coterr\u00e1neos.<\/p>\n<p style=\"text-align: justify;\">An\u00edbal Mart\u00ednez explic\u00f3 que postul\u00f3 a Alfonso Urrea \u201cporque es una persona l\u00edder en Granada, quiere a Granada, es una persona destacada con la comunidad granadina. Ha apoyado aqu\u00ed el tema de la educaci\u00f3n don\u00e1ndole \u00fatiles escolares a los estudiantes m\u00e1s pobres, ha colaborado en el tema de vivienda tambi\u00e9n, ha colaborado con el asilo de ancianos\u201d.<\/p>\n<p style=\"text-align: justify;\"><img loading=\"lazy\" decoding=\"async\" src=\"images\/Medalla_al_mrito_Alfonso_Urrea.jpg\" alt=\"\" width=\"750\" height=\"439\" \/><\/p>\n<p style=\"text-align: justify;\">\u201cEs de esas personas, empresarios que hacen que se sienta la mano amiga de \u00e9l para ayudar a las personas y a las instituciones en ese trabajo de progreso, de sostenibilidad de empresa, de ayuda a la persona natural\u201d, reconoci\u00f3 Iv\u00e1n Dar\u00edo Hoyos, presidente del concejo municipal en el a\u00f1o 2021.<\/p>\n<p style=\"text-align: justify;\">Antes de hablar del \u00e9xito y la consolidaci\u00f3n de su empresa, Alfonso Urrea record\u00f3 la manera en que tuvo que salir de su pueblo y volver a empezar desde cero, haciendo \u00e9nfasis en la importancia de crecer para seguir sirviendo a quien lo necesita.<\/p>\n<p style=\"text-align: justify;\">El reconocimiento, correspondiente al a\u00f1o 2021, fue entregado este 18 de febrero en presencia de algunos miembros de su familia y representaci\u00f3n de la institucionalidad granadina en el Centro Vida Arnoldo Hoyos Botero.<\/p>\n","protected":false},"excerpt":{"rendered":"<p style=\"text-align: justify;\">\u201cDe verdad que es algo muy bonito y muy especial. En mi vida es el reconocimiento m\u00e1s grande y m\u00e1s importante que he obtenido, me han dado otros reconocimientos en otras partes, pero de verdad nunca he sentido la felicidad que sent\u00ed hoy\u201d.<\/p>\n","protected":false},"author":1,"featured_media":0,"comment_status":"open","ping_status":"open","sticky":false,"template":"","format":"standard","meta":{"footnotes":""},"categories":[19],"tags":[],"class_list":["post-471","post","type-post","status-publish","format-standard","hentry","category-noticias"],"_links":{"self":[{"href":"https:\/\/www.desdegranada.com\/site\/index.php?rest_route=\/wp\/v2\/posts\/471","targetHints":{"allow":["GET"]}}],"collection":[{"href":"https:\/\/www.desdegranada.com\/site\/index.php?rest_route=\/wp\/v2\/posts"}],"about":[{"href":"https:\/\/www.desdegranada.com\/site\/index.php?rest_route=\/wp\/v2\/types\/post"}],"author":[{"embeddable":true,"href":"https:\/\/www.desdegranada.com\/site\/index.php?rest_route=\/wp\/v2\/users\/1"}],"replies":[{"embeddable":true,"href":"https:\/\/www.desdegranada.com\/site\/index.php?rest_route=%2Fwp%2Fv2%2Fcomments&post=471"}],"version-history":[{"count":0,"href":"https:\/\/www.desdegranada.com\/site\/index.php?rest_route=\/wp\/v2\/posts\/471\/revisions"}],"wp:attachment":[{"href":"https:\/\/www.desdegranada.com\/site\/index.php?rest_route=%2Fwp%2Fv2%2Fmedia&parent=471"}],"wp:term":[{"taxonomy":"category","embeddable":true,"href":"https:\/\/www.desdegranada.com\/site\/index.php?rest_route=%2Fwp%2Fv2%2Fcategories&post=471"},{"taxonomy":"post_tag","embeddable":true,"href":"https:\/\/www.desdegranada.com\/site\/index.php?rest_route=%2Fwp%2Fv2%2Ftags&post=471"}],"curies":[{"name":"wp","href":"https:\/\/api.w.org\/{rel}","templated":true}]}}