{"id":472,"date":"2022-02-25T21:25:16","date_gmt":"2022-02-25T21:25:16","guid":{"rendered":"https:\/\/www.desdegranada.com\/site\/?p=472"},"modified":"2022-02-25T21:25:16","modified_gmt":"2022-02-25T21:25:16","slug":"una-donaton-para-recuperar-la-estatua-del-padre-miguel-giraldo-salazar","status":"publish","type":"post","link":"https:\/\/www.desdegranada.com\/site\/?p=472","title":{"rendered":"\u00bfUna donat\u00f3n para recuperar la estatua del padre Miguel Giraldo Salazar?"},"content":{"rendered":"<p style=\"text-align: justify;\">Nacido en Granada en el a\u00f1o 1891, y habiendo ejercido el sacerdocio hasta, aproximadamente, el a\u00f1o 1950 en Medell\u00edn, el padre Miguel se destac\u00f3 por su vocaci\u00f3n docente. Fund\u00f3 las escuelas eucar\u00edsticas en Medell\u00edn, fue profesor en el seminario y las universidades <u>P<\/u>ontificia Bolivariana y de Antioquia, adem\u00e1s de escritor de varios libros de econom\u00eda, psicolog\u00eda y filosof\u00eda.<\/p>\n<p style=\"text-align: justify;\">Recientemente en la ciudad de Medell\u00edn se hizo el hallazgo de una estatua de m\u00e1rmol del padre Miguel Giraldo de 1.80cm de altura, en un dep\u00f3sito cerca al cementerio de San Pedro. Seg\u00fan el poseedor, a \u00e9l se la entregaron como pago por una antigua deuda.<\/p>\n<p style=\"text-align: justify;\"><img decoding=\"async\" src=\"images\/Pbro_Miguel_Giraldo.jpg\" alt=\"\" \/><\/p>\n<p style=\"text-align: justify;\">Mario G\u00f3mez, conocedor de la historia local y por supuesto de la labor del padre Miguel subray\u00f3 en su programa \u2018Huellas\u2019 la calidad art\u00edstica de la estatua \u201ces una joya, porque miren la calidad de trabajo de ese m\u00e1rmol, esas capas, la mano que es la parte m\u00e1s dif\u00edcil\u201d.<\/p>\n<p style=\"text-align: justify;\">Finalmente, Mario destac\u00f3 que vale la pena recuperar la imagen, \u201cyo creo que debemos tenerla por aqu\u00ed en Granada, hay que valorar la importancia que tiene el padre Miguel Giraldo en el tema de la educaci\u00f3n en Antioquia y por supuesto en Granada. Es que mire que una obra de esa naturaleza en el a\u00f1o de 1932, con educaci\u00f3n para los ni\u00f1os pobres y fuera de eso con alimentaci\u00f3n y todas esas cosas, se adelant\u00f3 casi cien a\u00f1os a lo que el gobierno hace ahora con el PAE\u201d.<\/p>\n<p style=\"text-align: justify;\">Por el legado y la importancia de este sacerdote para el pueblo granadino, ya se habla de adquirir nuevamente la figura para traerla al municipio, eso s\u00ed, su actual due\u00f1o pide 15 millones de pesos por ella.<\/p>\n<p>\u00a0<\/p>\n","protected":false},"excerpt":{"rendered":"<p style=\"text-align: justify;\">El presb\u00edtero Miguel Giraldo Salazar es uno de los sacerdotes m\u00e1s importantes que ha dado Granada. Aunque actualmente no es tan reconocido como otros sacerdotes surgidos en el municipio, para los granadinos de la \u00e9poca, el padre Miguel era un referente en el campo educativo.<\/p>\n","protected":false},"author":1,"featured_media":0,"comment_status":"open","ping_status":"open","sticky":false,"template":"","format":"standard","meta":{"footnotes":""},"categories":[19],"tags":[],"class_list":["post-472","post","type-post","status-publish","format-standard","hentry","category-noticias"],"_links":{"self":[{"href":"https:\/\/www.desdegranada.com\/site\/index.php?rest_route=\/wp\/v2\/posts\/472","targetHints":{"allow":["GET"]}}],"collection":[{"href":"https:\/\/www.desdegranada.com\/site\/index.php?rest_route=\/wp\/v2\/posts"}],"about":[{"href":"https:\/\/www.desdegranada.com\/site\/index.php?rest_route=\/wp\/v2\/types\/post"}],"author":[{"embeddable":true,"href":"https:\/\/www.desdegranada.com\/site\/index.php?rest_route=\/wp\/v2\/users\/1"}],"replies":[{"embeddable":true,"href":"https:\/\/www.desdegranada.com\/site\/index.php?rest_route=%2Fwp%2Fv2%2Fcomments&post=472"}],"version-history":[{"count":0,"href":"https:\/\/www.desdegranada.com\/site\/index.php?rest_route=\/wp\/v2\/posts\/472\/revisions"}],"wp:attachment":[{"href":"https:\/\/www.desdegranada.com\/site\/index.php?rest_route=%2Fwp%2Fv2%2Fmedia&parent=472"}],"wp:term":[{"taxonomy":"category","embeddable":true,"href":"https:\/\/www.desdegranada.com\/site\/index.php?rest_route=%2Fwp%2Fv2%2Fcategories&post=472"},{"taxonomy":"post_tag","embeddable":true,"href":"https:\/\/www.desdegranada.com\/site\/index.php?rest_route=%2Fwp%2Fv2%2Ftags&post=472"}],"curies":[{"name":"wp","href":"https:\/\/api.w.org\/{rel}","templated":true}]}}