{"id":473,"date":"2022-02-28T19:51:26","date_gmt":"2022-02-28T19:51:26","guid":{"rendered":"https:\/\/www.desdegranada.com\/site\/?p=473"},"modified":"2022-02-28T19:51:26","modified_gmt":"2022-02-28T19:51:26","slug":"inejago-se-prepara-para-elegir-a-sus-lideres-estudiantiles-2022","status":"publish","type":"post","link":"https:\/\/www.desdegranada.com\/site\/?p=473","title":{"rendered":"INEJAGO se prepara para elegir a sus l\u00edderes estudiantiles 2022"},"content":{"rendered":"<p style=\"text-align: justify;\">Con propuestas encaminadas a mejorar el desempe\u00f1o acad\u00e9mico y la convivencia, y a generar espacios de sano esparcimiento dentro de la instituci\u00f3n, cada equipo de trabajo buscar\u00e1 convencer a la mayor parte de estudiantes, tanto de las sedes urbanas como de las rurales, de que son la mejor opci\u00f3n para ser sus delegados dentro del gobierno escolar en el presente a\u00f1o.<\/p>\n<p style=\"text-align: justify;\"><img decoding=\"async\" src=\"images\/INEJAGO_elige_2022.jpg\" alt=\"\" \/><\/p>\n<p style=\"text-align: justify;\">Mario Carmona, docente del \u00e1rea de ciencias sociales destac\u00f3 que los candidatos son \u201cestudiantes que tienen muchos \u00e1nimos y muchos deseos de trabajar por ustedes, han organizado muy bien sus planes de estudio y lo que ellos piensan hacer para que la instituci\u00f3n salga adelante\u201d.<\/p>\n<p style=\"text-align: justify;\">Ser\u00e1 el pr\u00f3ximo 11 de marzo el d\u00eda en que todos los estudiantes de primaria y de secundaria acudir\u00e1n a las urnas para elegir al personero, representante de los estudiantes y personerito que los representar\u00e1n a lo largo del 2022.<\/p>\n<p><iframe loading=\"lazy\" src=\"\/\/www.youtube.com\/embed\/EAwKulTUmIk\" width=\"560\" height=\"314\" allowfullscreen=\"allowfullscreen\"><\/iframe><\/p>\n","protected":false},"excerpt":{"rendered":"<p style=\"text-align: justify;\">La fiesta de la democracia en la Instituci\u00f3n Educativa Jorge Alberto G\u00f3mez est\u00e1 a la vuelta de la esquina y es por eso que los l\u00edderes estudiantiles que componen las cinco f\u00f3rmulas de candidatos, trabajan por estos d\u00edas en dar a conocer sus propuestas en cada una de las sedes de la Instituci\u00f3n.<\/p>\n","protected":false},"author":1,"featured_media":0,"comment_status":"open","ping_status":"open","sticky":false,"template":"","format":"standard","meta":{"footnotes":""},"categories":[19],"tags":[],"class_list":["post-473","post","type-post","status-publish","format-standard","hentry","category-noticias"],"_links":{"self":[{"href":"https:\/\/www.desdegranada.com\/site\/index.php?rest_route=\/wp\/v2\/posts\/473","targetHints":{"allow":["GET"]}}],"collection":[{"href":"https:\/\/www.desdegranada.com\/site\/index.php?rest_route=\/wp\/v2\/posts"}],"about":[{"href":"https:\/\/www.desdegranada.com\/site\/index.php?rest_route=\/wp\/v2\/types\/post"}],"author":[{"embeddable":true,"href":"https:\/\/www.desdegranada.com\/site\/index.php?rest_route=\/wp\/v2\/users\/1"}],"replies":[{"embeddable":true,"href":"https:\/\/www.desdegranada.com\/site\/index.php?rest_route=%2Fwp%2Fv2%2Fcomments&post=473"}],"version-history":[{"count":0,"href":"https:\/\/www.desdegranada.com\/site\/index.php?rest_route=\/wp\/v2\/posts\/473\/revisions"}],"wp:attachment":[{"href":"https:\/\/www.desdegranada.com\/site\/index.php?rest_route=%2Fwp%2Fv2%2Fmedia&parent=473"}],"wp:term":[{"taxonomy":"category","embeddable":true,"href":"https:\/\/www.desdegranada.com\/site\/index.php?rest_route=%2Fwp%2Fv2%2Fcategories&post=473"},{"taxonomy":"post_tag","embeddable":true,"href":"https:\/\/www.desdegranada.com\/site\/index.php?rest_route=%2Fwp%2Fv2%2Ftags&post=473"}],"curies":[{"name":"wp","href":"https:\/\/api.w.org\/{rel}","templated":true}]}}